{"id":22572,"date":"2019-01-04T13:55:12","date_gmt":"2019-01-04T15:55:12","guid":{"rendered":"https:\/\/tvtecjundiai.com.br\/news\/?p=22572"},"modified":"2019-01-04T17:55:43","modified_gmt":"2019-01-04T19:55:43","slug":"jundiai-recebe-show-de-anavitoria-no-polytheama-em-fevereiro","status":"publish","type":"post","link":"https:\/\/tvtecjundiai.com.br\/news\/2019\/01\/04\/jundiai-recebe-show-de-anavitoria-no-polytheama-em-fevereiro\/","title":{"rendered":"Jundia\u00ed recebe show da dupla Anavit\u00f3ria no Polytheama"},"content":{"rendered":"<div id=\"attachment_22589\" style=\"width: 410px\" class=\"wp-caption alignleft\"><a href=\"https:\/\/tvtecjundiai.com.br\/news\/wp-content\/uploads\/sites\/2\/2019\/01\/5.jpg\"><img loading=\"lazy\" decoding=\"async\" aria-describedby=\"caption-attachment-22589\" class=\"wp-image-22589\" src=\"https:\/\/tvtecjundiai.com.br\/news\/wp-content\/uploads\/sites\/2\/2019\/01\/5-300x238.jpg\" alt=\"\" width=\"400\" height=\"317\" \/><\/a><p id=\"caption-attachment-22589\" class=\"wp-caption-text\">Show &#8216;Voz e Viol\u00e3o&#8217; ser\u00e1 no dia 15 de fevereiro<\/p><\/div>\n<p>A dupla Anavit\u00f3ria chega em Jundia\u00ed para show &#8216;Voz e Viol\u00e3o&#8217;, em apresenta\u00e7\u00e3o no Teatro Polytheama no dia 15 de fevereiro, uma sexta-feira, a partir das 21 horas. Os ingressos j\u00e1 est\u00e3o \u00e0 venda e podem ser adquiridos na bilheteria do Teatro ou pela internet no <a href=\"https:\/\/www.ingressorapido.com.br\/event\/12042\/d\/53009\">site da Ingresso R\u00e1pido<\/a>.<\/p>\n<p>Ana e Vit\u00f3ria s\u00e3o amigas de escola que decidiram se juntar h\u00e1 dois anos e voar de Aragua\u00edna, no Tocantins, para o pante\u00e3o da m\u00fasica pop contempor\u00e2nea brasileira.<\/p>\n<p>Com um som mais pop e pulsante, o novo show \u00e9 uma demonstra\u00e7\u00e3o do amadurecimento art\u00edstico da dupla, que em 2017 conquistou o Grammy Latino com a can\u00e7\u00e3o \u2018Trevo\u2019 e um disco de platina duplo com o single \u2018Fica\u2019. Mais informa\u00e7\u00f5es como compra de ingressos devem ser informadas em breve.<\/p>\n<p><strong><em>Anavit\u00f3ria em Jundia\u00ed\u00a0<\/em><\/strong><br \/>\nData: 15 de fevereiro, sexta-feira.<br \/>\nHor\u00e1rio: \u00e0s 21h.<br \/>\nLocal: Teatro Polytheama &#8211; Rua Bar\u00e3o de Jundia\u00ed, 160 \u2013 Centro \u2013 Jundia\u00ed.<br \/>\nInforma\u00e7\u00f5es: (11) 4586-2472<\/p>\n<p><em>(Fonte: Tribuna de Jundia\u00ed; Foto: Divulga\u00e7\u00e3o)<\/em><\/p>\n","protected":false},"excerpt":{"rendered":"<p>A dupla chega em Jundia\u00ed no m\u00eas de fevereiro para o show &#8216;Voz e Viol\u00e3o<\/p>\n","protected":false},"author":8,"featured_media":22589,"comment_status":"closed","ping_status":"closed","sticky":false,"template":"","format":"standard","meta":{"footnotes":""},"categories":[2833,1],"tags":[],"class_list":["post-22572","post","type-post","status-publish","format-standard","has-post-thumbnail","hentry","category-cultura","category-noticias"],"_links":{"self":[{"href":"https:\/\/tvtecjundiai.com.br\/news\/wp-json\/wp\/v2\/posts\/22572","targetHints":{"allow":["GET"]}}],"collection":[{"href":"https:\/\/tvtecjundiai.com.br\/news\/wp-json\/wp\/v2\/posts"}],"about":[{"href":"https:\/\/tvtecjundiai.com.br\/news\/wp-json\/wp\/v2\/types\/post"}],"author":[{"embeddable":true,"href":"https:\/\/tvtecjundiai.com.br\/news\/wp-json\/wp\/v2\/users\/8"}],"replies":[{"embeddable":true,"href":"https:\/\/tvtecjundiai.com.br\/news\/wp-json\/wp\/v2\/comments?post=22572"}],"version-history":[{"count":9,"href":"https:\/\/tvtecjundiai.com.br\/news\/wp-json\/wp\/v2\/posts\/22572\/revisions"}],"predecessor-version":[{"id":22629,"href":"https:\/\/tvtecjundiai.com.br\/news\/wp-json\/wp\/v2\/posts\/22572\/revisions\/22629"}],"wp:featuredmedia":[{"embeddable":true,"href":"https:\/\/tvtecjundiai.com.br\/news\/wp-json\/wp\/v2\/media\/22589"}],"wp:attachment":[{"href":"https:\/\/tvtecjundiai.com.br\/news\/wp-json\/wp\/v2\/media?parent=22572"}],"wp:term":[{"taxonomy":"category","embeddable":true,"href":"https:\/\/tvtecjundiai.com.br\/news\/wp-json\/wp\/v2\/categories?post=22572"},{"taxonomy":"post_tag","embeddable":true,"href":"https:\/\/tvtecjundiai.com.br\/news\/wp-json\/wp\/v2\/tags?post=22572"}],"curies":[{"name":"wp","href":"https:\/\/api.w.org\/{rel}","templated":true}]}}