{"id":22904,"date":"2019-01-10T08:56:10","date_gmt":"2019-01-10T10:56:10","guid":{"rendered":"https:\/\/tvtecjundiai.com.br\/news\/?p=22904"},"modified":"2019-01-10T08:57:47","modified_gmt":"2019-01-10T10:57:47","slug":"inflacao-do-aluguel-e-de-003-na-1-a-previa-de-janeiro","status":"publish","type":"post","link":"https:\/\/tvtecjundiai.com.br\/news\/2019\/01\/10\/inflacao-do-aluguel-e-de-003-na-1-a-previa-de-janeiro\/","title":{"rendered":"Infla\u00e7\u00e3o do aluguel \u00e9 de 0,03% na 1.\u00aa pr\u00e9via de janeiro"},"content":{"rendered":"<p>O \u00cdndice Geral de Pre\u00e7os-Mercado (IGP-M), usado no reajuste dos contratos de aluguel, teve infla\u00e7\u00e3o de 0,03% na primeira pr\u00e9via de janeiro. A taxa \u00e9 superior \u00e0 pr\u00e9via de dezembro, que acusou defla\u00e7\u00e3o (queda de pre\u00e7os) de 1,16%. O dado foi divulgado na manh\u00e3 desta quinta-feira (10) pela Funda\u00e7\u00e3o Getulio Vargas (FGV), no Rio de Janeiro.<\/p>\n<p>A alta da taxa de dezembro para janeiro foi puxada pelos tr\u00eas sub\u00edndices. O \u00cdndice de Pre\u00e7os ao Produtor Amplo, que acompanha o atacado, teve uma defla\u00e7\u00e3o de 0,13% na pr\u00e9via de janeiro, queda de pre\u00e7os mais moderada do que a de dezembro (-1,7%).<\/p>\n<p>O \u00cdndice de Pre\u00e7os ao Consumidor, que acompanha o varejo, teve infla\u00e7\u00e3o de 0,38% na pr\u00e9via de janeiro. Na de dezembro, havia sido registrada defla\u00e7\u00e3o de 0,16%. J\u00e1 o \u00cdndice Nacional de Custo da Constru\u00e7\u00e3o passou de 0,06% em dezembro para 0,27% em janeiro.<\/p>\n","protected":false},"excerpt":{"rendered":"<p>A taxa \u00e9 superior \u00e0 pr\u00e9via de dezembro, com defla\u00e7\u00e3o (queda) de 1,16%<\/p>\n","protected":false},"author":8,"featured_media":22906,"comment_status":"closed","ping_status":"closed","sticky":false,"template":"","format":"standard","meta":{"footnotes":""},"categories":[29,2829,1],"tags":[983,1445,4638],"class_list":["post-22904","post","type-post","status-publish","format-standard","has-post-thumbnail","hentry","category-destaque","category-economia","category-noticias","tag-fgv","tag-igp-m","tag-inflacao-do-aluguel"],"_links":{"self":[{"href":"https:\/\/tvtecjundiai.com.br\/news\/wp-json\/wp\/v2\/posts\/22904","targetHints":{"allow":["GET"]}}],"collection":[{"href":"https:\/\/tvtecjundiai.com.br\/news\/wp-json\/wp\/v2\/posts"}],"about":[{"href":"https:\/\/tvtecjundiai.com.br\/news\/wp-json\/wp\/v2\/types\/post"}],"author":[{"embeddable":true,"href":"https:\/\/tvtecjundiai.com.br\/news\/wp-json\/wp\/v2\/users\/8"}],"replies":[{"embeddable":true,"href":"https:\/\/tvtecjundiai.com.br\/news\/wp-json\/wp\/v2\/comments?post=22904"}],"version-history":[{"count":4,"href":"https:\/\/tvtecjundiai.com.br\/news\/wp-json\/wp\/v2\/posts\/22904\/revisions"}],"predecessor-version":[{"id":22909,"href":"https:\/\/tvtecjundiai.com.br\/news\/wp-json\/wp\/v2\/posts\/22904\/revisions\/22909"}],"wp:featuredmedia":[{"embeddable":true,"href":"https:\/\/tvtecjundiai.com.br\/news\/wp-json\/wp\/v2\/media\/22906"}],"wp:attachment":[{"href":"https:\/\/tvtecjundiai.com.br\/news\/wp-json\/wp\/v2\/media?parent=22904"}],"wp:term":[{"taxonomy":"category","embeddable":true,"href":"https:\/\/tvtecjundiai.com.br\/news\/wp-json\/wp\/v2\/categories?post=22904"},{"taxonomy":"post_tag","embeddable":true,"href":"https:\/\/tvtecjundiai.com.br\/news\/wp-json\/wp\/v2\/tags?post=22904"}],"curies":[{"name":"wp","href":"https:\/\/api.w.org\/{rel}","templated":true}]}}