{"id":22964,"date":"2019-01-10T15:30:49","date_gmt":"2019-01-10T17:30:49","guid":{"rendered":"https:\/\/tvtecjundiai.com.br\/news\/?p=22964"},"modified":"2019-01-10T15:30:49","modified_gmt":"2019-01-10T17:30:49","slug":"trabalho-a-todo-vapor-prepara-o-parque-para-a-festa-da-uva","status":"publish","type":"post","link":"https:\/\/tvtecjundiai.com.br\/news\/2019\/01\/10\/trabalho-a-todo-vapor-prepara-o-parque-para-a-festa-da-uva\/","title":{"rendered":"Trabalho a todo vapor prepara o parque para a Festa da Uva"},"content":{"rendered":"<p>A Prefeitura j\u00e1 est\u00e1 trabalhando para preparar o parque municipal Comendador Ant\u00f4nio Carbonari para a 36\u00aa Festa da Uva e 7\u00aa Expo Vinhos de 2019. Al\u00e9m das a\u00e7\u00f5es de pintura e de limpezas necess\u00e1rias, os pavilh\u00f5es est\u00e3o recebendo as montagens dos cen\u00e1rios e no espa\u00e7o externo est\u00e3o sendo montadas as tendas que abrigar\u00e3o as atra\u00e7\u00f5es e garantir\u00e3o a sombra para os visitantes.<\/p>\n<div id=\"attachment_22970\" style=\"width: 410px\" class=\"wp-caption alignright\"><a href=\"https:\/\/tvtecjundiai.com.br\/news\/wp-content\/uploads\/sites\/2\/2019\/01\/6.jpg\"><img loading=\"lazy\" decoding=\"async\" aria-describedby=\"caption-attachment-22970\" class=\"wp-image-22970\" src=\"https:\/\/tvtecjundiai.com.br\/news\/wp-content\/uploads\/sites\/2\/2019\/01\/6-300x189.jpg\" alt=\"\" width=\"400\" height=\"252\" srcset=\"https:\/\/tvtecjundiai.com.br\/news\/wp-content\/uploads\/sites\/2\/2019\/01\/6-300x189.jpg 300w, https:\/\/tvtecjundiai.com.br\/news\/wp-content\/uploads\/sites\/2\/2019\/01\/6-768x483.jpg 768w, https:\/\/tvtecjundiai.com.br\/news\/wp-content\/uploads\/sites\/2\/2019\/01\/6-1200x755.jpg 1200w, https:\/\/tvtecjundiai.com.br\/news\/wp-content\/uploads\/sites\/2\/2019\/01\/6.jpg 1260w\" sizes=\"auto, (max-width: 400px) 100vw, 400px\" \/><\/a><p id=\"caption-attachment-22970\" class=\"wp-caption-text\">Espa\u00e7os com sombra visam ao bem-estar dos visitantes e de quem trabalhar na festa<\/p><\/div>\n<p>Esta edi\u00e7\u00e3o da festa contar\u00e1 com 5400 metros quadrados de \u00e1rea coberta para a pra\u00e7a de alimenta\u00e7\u00e3o, 500 metros quadrados de \u00e1rea coberta para o Emp\u00f3rio (onde s\u00e3o vendidos produtos t\u00edpicos, como p\u00e3es, doces e geleias), al\u00e9m de 1300 metros quadrados em tenda para a venda do artesanato produzido pelos artistas do programa Jundia\u00ed feito \u00e0 M\u00e3o. Nos pavilh\u00f5es, est\u00e3o sendo montados as barracas para exposi\u00e7\u00e3o e venda de frutas e os cen\u00e1rios que retratar\u00e3o a vida do imigrante italiano no Munic\u00edpio, onde atores ir\u00e3o fazer o receptivo dos visitantes para a festa.<\/p>\n<p>A 36\u00aa Feesta da Uva ir\u00e1 receber ainda mais espa\u00e7os voltados para o p\u00fablico infantil, al\u00e9m de uma instala\u00e7\u00e3o do programa \u201cRuas de Brincar\u201d, a\u00e7\u00e3o lan\u00e7ada em dezembro pela Prefeitura como parte do programa \u201cCidade das Crian\u00e7as\u201d com mob\u00edlia e interven\u00e7\u00f5es para incentivar o lado l\u00fadico tanto das crian\u00e7as quanto dos adultos.<\/p>\n<p>A Festa come\u00e7a na quinta-feira (17), \u00e0s 18h, e segue nos dias 18, 19, 20, 25, 26 e 27 de janeiro e 01, 02 e 03 de fevereiro, \u00e0s sextas-feiras, das 18h \u00e0s 22h; aos s\u00e1bados, das 10h \u00e0s 22h; e aos domingos, das 10h \u00e0s 20h. A entrada \u00e9 gratuita e o visitante \u00e9 incentivado a colaborar com a doa\u00e7\u00e3o de alimentos n\u00e3o perec\u00edveis para destina\u00e7\u00e3o ao Fundo Social de Solidariedade (Funss).<\/p>\n<p><em>(Fonte\/Imagem: Prefeitura de Jundia\u00ed)<\/em><\/p>\n","protected":false},"excerpt":{"rendered":"<p>Festa come\u00e7a na quinta (17) e segue nos dias 18, 19, 20, 25, 26 e 27 de janeiro e 1, 2 e 3 de fevereiro<\/p>\n","protected":false},"author":10,"featured_media":22970,"comment_status":"closed","ping_status":"closed","sticky":false,"template":"","format":"standard","meta":{"footnotes":""},"categories":[2834,2833,1],"tags":[4063,1412,740,2361],"class_list":["post-22964","post","type-post","status-publish","format-standard","has-post-thumbnail","hentry","category-cidades","category-cultura","category-noticias","tag-expo-vinhos","tag-festa-da-uva","tag-parque-da-uva","tag-terra-da-uva"],"_links":{"self":[{"href":"https:\/\/tvtecjundiai.com.br\/news\/wp-json\/wp\/v2\/posts\/22964","targetHints":{"allow":["GET"]}}],"collection":[{"href":"https:\/\/tvtecjundiai.com.br\/news\/wp-json\/wp\/v2\/posts"}],"about":[{"href":"https:\/\/tvtecjundiai.com.br\/news\/wp-json\/wp\/v2\/types\/post"}],"author":[{"embeddable":true,"href":"https:\/\/tvtecjundiai.com.br\/news\/wp-json\/wp\/v2\/users\/10"}],"replies":[{"embeddable":true,"href":"https:\/\/tvtecjundiai.com.br\/news\/wp-json\/wp\/v2\/comments?post=22964"}],"version-history":[{"count":2,"href":"https:\/\/tvtecjundiai.com.br\/news\/wp-json\/wp\/v2\/posts\/22964\/revisions"}],"predecessor-version":[{"id":22971,"href":"https:\/\/tvtecjundiai.com.br\/news\/wp-json\/wp\/v2\/posts\/22964\/revisions\/22971"}],"wp:featuredmedia":[{"embeddable":true,"href":"https:\/\/tvtecjundiai.com.br\/news\/wp-json\/wp\/v2\/media\/22970"}],"wp:attachment":[{"href":"https:\/\/tvtecjundiai.com.br\/news\/wp-json\/wp\/v2\/media?parent=22964"}],"wp:term":[{"taxonomy":"category","embeddable":true,"href":"https:\/\/tvtecjundiai.com.br\/news\/wp-json\/wp\/v2\/categories?post=22964"},{"taxonomy":"post_tag","embeddable":true,"href":"https:\/\/tvtecjundiai.com.br\/news\/wp-json\/wp\/v2\/tags?post=22964"}],"curies":[{"name":"wp","href":"https:\/\/api.w.org\/{rel}","templated":true}]}}