{"id":23380,"date":"2019-01-17T09:10:52","date_gmt":"2019-01-17T11:10:52","guid":{"rendered":"https:\/\/tvtecjundiai.com.br\/news\/?p=23380"},"modified":"2019-01-17T11:15:07","modified_gmt":"2019-01-17T13:15:07","slug":"inep-divulga-notas-do-enem-nesta-sexta-feira-18","status":"publish","type":"post","link":"https:\/\/tvtecjundiai.com.br\/news\/2019\/01\/17\/inep-divulga-notas-do-enem-nesta-sexta-feira-18\/","title":{"rendered":"Inep divulga notas do Enem nesta sexta-feira (18)"},"content":{"rendered":"<p>Mais de 4,1 milh\u00f5es de estudantes que fizeram o Exame Nacional do Ensino M\u00e9dio (Enem) em 2018 ter\u00e3o acesso \u00e0s notas das provas. O resultado ser\u00e1 divulgado na internet, na\u00a0<a href=\"https:\/\/enem.inep.gov.br\/participante\/\" target=\"_blank\" rel=\"noopener\">P\u00e1gina do Participante<\/a>, e no aplicativo oficial do Enem, nesta sexta-feira (18). Os participantes ter\u00e3o acesso a quanto obtiveram em cada uma das provas: Linguagens, Ci\u00eancias Humanas, Ci\u00eancias da Natureza, Matem\u00e1tica e Reda\u00e7\u00e3o. A nota dos treineiros, aqueles que ainda n\u00e3o conclu\u00edram o ensino m\u00e9dio e fizeram a prova apenas para testar os conhecimentos, ser\u00e1 divulgada apenas em mar\u00e7o.<\/p>\n<p><a href=\"https:\/\/tvtecjundiai.com.br\/news\/wp-content\/uploads\/sites\/2\/2019\/01\/exame_do_enem_2015.jpg\"><img loading=\"lazy\" decoding=\"async\" class=\"alignright wp-image-23382 size-medium\" src=\"https:\/\/tvtecjundiai.com.br\/news\/wp-content\/uploads\/sites\/2\/2019\/01\/exame_do_enem_2015-e1547723430695-300x255.jpg\" alt=\"\" width=\"300\" height=\"255\" srcset=\"https:\/\/tvtecjundiai.com.br\/news\/wp-content\/uploads\/sites\/2\/2019\/01\/exame_do_enem_2015-e1547723430695-300x255.jpg 300w, https:\/\/tvtecjundiai.com.br\/news\/wp-content\/uploads\/sites\/2\/2019\/01\/exame_do_enem_2015-e1547723430695-768x652.jpg 768w, https:\/\/tvtecjundiai.com.br\/news\/wp-content\/uploads\/sites\/2\/2019\/01\/exame_do_enem_2015-e1547723430695.jpg 815w\" sizes=\"auto, (max-width: 300px) 100vw, 300px\" \/><\/a><\/p>\n<p>O Enem foi aplicado nos dias 4 e 11 de novembro de 2018. Desde o dia 14 de novembro, est\u00e3o dispon\u00edveis as provas e os\u00a0<a href=\"http:\/\/agenciabrasil.ebc.com.br\/educacao\/noticia\/2018-11\/gabarito-do-enem-ja-esta-disponivel\" target=\"_blank\" rel=\"noopener\">gabaritos oficiais<\/a>. Tamb\u00e9m est\u00e3o dispon\u00edveis v\u00eddeos com os enunciados e as op\u00e7\u00f5es de respostas da videoprova em\u00a0<a href=\"http:\/\/agenciabrasil.ebc.com.br\/educacao\/noticia\/2018-12\/inep-divulga-provas-em-libras-do-enem\" target=\"_blank\" rel=\"noopener\">L\u00edngua Brasileira de Sinais<\/a>\u00a0(Libras). O Instituto Nacional de Estudos e Pesquisas Educacionais (Inep) divulgar\u00e1 ainda, em data a ser definida, o Espelho da Reda\u00e7\u00e3o, ou seja, detalhes da corre\u00e7\u00e3o dessa prova. Isso \u00e9 feito ap\u00f3s os processos seletivos dos programas federais. A corre\u00e7\u00e3o tem fun\u00e7\u00e3o apenas pedag\u00f3gica e n\u00e3o \u00e9 poss\u00edvel interpor recurso.<\/p>\n<p>Com os resultados, os estudantes poder\u00e3o concorrer a vagas no ensino superior p\u00fablico pelo Sistema de Sele\u00e7\u00e3o Unificada (Sisu), a bolsas em institui\u00e7\u00f5es privadas, pelo Programa Universidade para Todos (ProUni), e para participar do Fundo de Financiamento Estudantil (Fies). O primeiro processo que ter\u00e1 as inscri\u00e7\u00f5es abertas \u00e9 o Sisu. Para participar \u00e9 preciso fazer a inscri\u00e7\u00e3o\u00a0<em>online<\/em>\u00a0no per\u00edodo de 22 a 25 de janeiro. Os estudantes j\u00e1 podem consultar, na\u00a0<a href=\"http:\/\/http\/\/sisu.mec.gov.br\/\">p\u00e1gina do programa<\/a>, as vagas dispon\u00edveis. S\u00e3o mais de 235,4 mil vagas distribu\u00eddas em 129 universidades p\u00fablicas de todo o pa\u00eds.<\/p>\n<p>Al\u00e9m dos programas nacionais, os estudantes podem usar as notas para cursar o ensino superior em Portugal. O Inep tem conv\u00eanio com 37 institui\u00e7\u00f5es portuguesas. A lista est\u00e1 dispon\u00edvel na\u00a0<a href=\"http:\/\/portal.inep.gov.br\/artigo\/-\/asset_publisher\/B4AQV9zFY7Bv\/content\/inep-continua-ampliando-o-numero-de-convenios-com-instituicoes-do-ensino-superior-portuguesas-para-uso-de-notas-do-enem\/21206\" target=\"_blank\" rel=\"noopener\">p\u00e1gina da autarquia<\/a>. Segundo o Inep, atualmente mais de 1,2 mil brasileiros usaram o Enem para ingressar nessas institui\u00e7\u00f5es.<\/p>\n","protected":false},"excerpt":{"rendered":"<p>O resultado sai na web, na\u00a0P\u00e1gina do Participante e no aplicativo do Enem<\/p>\n","protected":false},"author":8,"featured_media":23382,"comment_status":"closed","ping_status":"closed","sticky":false,"template":"","format":"standard","meta":{"footnotes":""},"categories":[2834,2828],"tags":[1030,2790,164,4690],"class_list":["post-23380","post","type-post","status-publish","format-standard","has-post-thumbnail","hentry","category-cidades","category-educacao","tag-enem","tag-enem-2018","tag-inep","tag-resultado-do-enem-2018"],"_links":{"self":[{"href":"https:\/\/tvtecjundiai.com.br\/news\/wp-json\/wp\/v2\/posts\/23380","targetHints":{"allow":["GET"]}}],"collection":[{"href":"https:\/\/tvtecjundiai.com.br\/news\/wp-json\/wp\/v2\/posts"}],"about":[{"href":"https:\/\/tvtecjundiai.com.br\/news\/wp-json\/wp\/v2\/types\/post"}],"author":[{"embeddable":true,"href":"https:\/\/tvtecjundiai.com.br\/news\/wp-json\/wp\/v2\/users\/8"}],"replies":[{"embeddable":true,"href":"https:\/\/tvtecjundiai.com.br\/news\/wp-json\/wp\/v2\/comments?post=23380"}],"version-history":[{"count":2,"href":"https:\/\/tvtecjundiai.com.br\/news\/wp-json\/wp\/v2\/posts\/23380\/revisions"}],"predecessor-version":[{"id":23383,"href":"https:\/\/tvtecjundiai.com.br\/news\/wp-json\/wp\/v2\/posts\/23380\/revisions\/23383"}],"wp:featuredmedia":[{"embeddable":true,"href":"https:\/\/tvtecjundiai.com.br\/news\/wp-json\/wp\/v2\/media\/23382"}],"wp:attachment":[{"href":"https:\/\/tvtecjundiai.com.br\/news\/wp-json\/wp\/v2\/media?parent=23380"}],"wp:term":[{"taxonomy":"category","embeddable":true,"href":"https:\/\/tvtecjundiai.com.br\/news\/wp-json\/wp\/v2\/categories?post=23380"},{"taxonomy":"post_tag","embeddable":true,"href":"https:\/\/tvtecjundiai.com.br\/news\/wp-json\/wp\/v2\/tags?post=23380"}],"curies":[{"name":"wp","href":"https:\/\/api.w.org\/{rel}","templated":true}]}}