{"id":23469,"date":"2019-01-18T11:49:28","date_gmt":"2019-01-18T13:49:28","guid":{"rendered":"https:\/\/tvtecjundiai.com.br\/news\/?p=23469"},"modified":"2019-01-18T14:56:04","modified_gmt":"2019-01-18T16:56:04","slug":"prefeitura-inicia-troca-de-lixeiras-no-jundiai-mirim","status":"publish","type":"post","link":"https:\/\/tvtecjundiai.com.br\/news\/2019\/01\/18\/prefeitura-inicia-troca-de-lixeiras-no-jundiai-mirim\/","title":{"rendered":"Prefeitura inicia troca de lixeiras no Jundia\u00ed-Mirim"},"content":{"rendered":"<p><a href=\"https:\/\/tvtecjundiai.com.br\/news\/wp-content\/uploads\/sites\/2\/2019\/01\/novas_lixeiras-e1547819346423.jpg\"><img loading=\"lazy\" decoding=\"async\" class=\"alignright wp-image-23472\" src=\"https:\/\/tvtecjundiai.com.br\/news\/wp-content\/uploads\/sites\/2\/2019\/01\/novas_lixeiras-e1547819346423-300x220.jpg\" alt=\"\" width=\"400\" height=\"293\" srcset=\"https:\/\/tvtecjundiai.com.br\/news\/wp-content\/uploads\/sites\/2\/2019\/01\/novas_lixeiras-e1547819346423-300x220.jpg 300w, https:\/\/tvtecjundiai.com.br\/news\/wp-content\/uploads\/sites\/2\/2019\/01\/novas_lixeiras-e1547819346423-768x563.jpg 768w, https:\/\/tvtecjundiai.com.br\/news\/wp-content\/uploads\/sites\/2\/2019\/01\/novas_lixeiras-e1547819346423.jpg 1086w\" sizes=\"auto, (max-width: 400px) 100vw, 400px\" \/><\/a>A Unidade de Gest\u00e3o de Infraestrutura e Servi\u00e7os P\u00fablicos (UGISP) instalou 510 lixeiras novas em v\u00e1rios pontos da cidade.\u00a0 As novas lixeiras s\u00e3o mais resistentes do que as antigas e t\u00eam maior durabilidade, pois s\u00e3o feitas com chapas de a\u00e7o de 2 mil\u00edmetros, substituindo as feitas de tambor reaproveitado, que se deterioram mais rapidamente.\u00a0 \u201cAgora em janeiro iniciamos o processo de trocas nos bairros mais distantes. O primeiro a ter os objetos trocados foi o Jundia\u00ed Mirim\u201d, explica o diretor de Limpeza Urbana da UGISP, M\u00e1rcio Moraes,<\/p>\n<p>De acordo com M\u00e1rcio, a instala\u00e7\u00e3o do equipamento realizada durante 2018 contemplou a regi\u00e3o central da cidade com a troca de 40 lixeiras, 80 na Avenida 9 de Julho, 50 na \u00e1rea do Terminal Central e Avenida Jundia\u00ed e 50 na regi\u00e3o da Vila Arens e Vila Rio Branco. &#8220;A\u00a0troca \u00e9 necess\u00e1ria porque as lixeiras estavam deterioradas porque n\u00e3o ter havido trabalho de manuten\u00e7\u00e3o nos \u00faltimos anos&#8221;, informou. \u201cMuitas lixeiras estavam quebradas e enferrujadas, sem condi\u00e7\u00f5es de uso\u201d, comenta. O dinheiro utilizado na compra das novas lixeiras vem da venda dos materiais recicl\u00e1veis separados em vendidos pelo Centro de Gerenciamento de Res\u00edduos S\u00f3lidos (Geresol).<\/p>\n<p><em>(Fonte: Prefeitura de Jundia\u00ed)<\/em><\/p>\n<p><em>(Imagem: Prefeitura de Jundia\u00ed)<\/em><\/p>\n","protected":false},"excerpt":{"rendered":"<p>Em 2018, foram instaladas 510 novas lixeiras em cinco regi\u00f5es da cidade<\/p>\n","protected":false},"author":8,"featured_media":23472,"comment_status":"closed","ping_status":"closed","sticky":false,"template":"","format":"standard","meta":{"footnotes":""},"categories":[2834,3569,1],"tags":[4683,4708],"class_list":["post-23469","post","type-post","status-publish","format-standard","has-post-thumbnail","hentry","category-cidades","category-meio-ambiente","category-noticias","tag-limpeza-publica","tag-lixeiras-urbanas"],"_links":{"self":[{"href":"https:\/\/tvtecjundiai.com.br\/news\/wp-json\/wp\/v2\/posts\/23469","targetHints":{"allow":["GET"]}}],"collection":[{"href":"https:\/\/tvtecjundiai.com.br\/news\/wp-json\/wp\/v2\/posts"}],"about":[{"href":"https:\/\/tvtecjundiai.com.br\/news\/wp-json\/wp\/v2\/types\/post"}],"author":[{"embeddable":true,"href":"https:\/\/tvtecjundiai.com.br\/news\/wp-json\/wp\/v2\/users\/8"}],"replies":[{"embeddable":true,"href":"https:\/\/tvtecjundiai.com.br\/news\/wp-json\/wp\/v2\/comments?post=23469"}],"version-history":[{"count":3,"href":"https:\/\/tvtecjundiai.com.br\/news\/wp-json\/wp\/v2\/posts\/23469\/revisions"}],"predecessor-version":[{"id":23494,"href":"https:\/\/tvtecjundiai.com.br\/news\/wp-json\/wp\/v2\/posts\/23469\/revisions\/23494"}],"wp:featuredmedia":[{"embeddable":true,"href":"https:\/\/tvtecjundiai.com.br\/news\/wp-json\/wp\/v2\/media\/23472"}],"wp:attachment":[{"href":"https:\/\/tvtecjundiai.com.br\/news\/wp-json\/wp\/v2\/media?parent=23469"}],"wp:term":[{"taxonomy":"category","embeddable":true,"href":"https:\/\/tvtecjundiai.com.br\/news\/wp-json\/wp\/v2\/categories?post=23469"},{"taxonomy":"post_tag","embeddable":true,"href":"https:\/\/tvtecjundiai.com.br\/news\/wp-json\/wp\/v2\/tags?post=23469"}],"curies":[{"name":"wp","href":"https:\/\/api.w.org\/{rel}","templated":true}]}}