{"id":23660,"date":"2019-01-22T11:29:49","date_gmt":"2019-01-22T13:29:49","guid":{"rendered":"https:\/\/tvtecjundiai.com.br\/news\/?p=23660"},"modified":"2019-01-22T11:29:49","modified_gmt":"2019-01-22T13:29:49","slug":"sisu-abre-inscricoes-para-mais-de-235-mil-vagas","status":"publish","type":"post","link":"https:\/\/tvtecjundiai.com.br\/news\/2019\/01\/22\/sisu-abre-inscricoes-para-mais-de-235-mil-vagas\/","title":{"rendered":"Sisu abre inscri\u00e7\u00f5es para mais de 235 mil vagas"},"content":{"rendered":"<p>Come\u00e7am nesta ter\u00e7a (22) as inscri\u00e7\u00f5es no Sistema de Sele\u00e7\u00e3o Unificada (Sisu), que v\u00e3o at\u00e9 sexta-feira (25), na\u00a0<a href=\"http:\/\/sisu.mec.gov.br\/\" target=\"_blank\" rel=\"noopener\">internet<\/a>. Ao todo, ser\u00e3o ofertadas 235.461 vagas em 129 institui\u00e7\u00f5es p\u00fablicas de todo o pa\u00eds. Podem concorrer \u00e0s vagas os estudantes que fizeram o Enem 2018 e obtiveram nota acima de zero na prova de reda\u00e7\u00e3o. Os candidatos poder\u00e3o se inscrever no processo seletivo em at\u00e9 duas op\u00e7\u00f5es de vaga, especificando, em ordem de prefer\u00eancia, as suas op\u00e7\u00f5es em institui\u00e7\u00e3o de educa\u00e7\u00e3o superior participante, com local de oferta, curso e turno, e a modalidade de concorr\u00eancia. O resultado ser\u00e1 divulgado no dia 28 de janeiro. A matr\u00edcula dos selecionados deve ser feita de 30 de janeiro a 4 de fevereiro.<\/p>\n<div id=\"attachment_23661\" style=\"width: 410px\" class=\"wp-caption alignright\"><a href=\"https:\/\/tvtecjundiai.com.br\/news\/wp-content\/uploads\/sites\/2\/2019\/01\/1068091-1-06032017-pzzb1010.jpg\"><img loading=\"lazy\" decoding=\"async\" aria-describedby=\"caption-attachment-23661\" class=\"wp-image-23661\" src=\"https:\/\/tvtecjundiai.com.br\/news\/wp-content\/uploads\/sites\/2\/2019\/01\/1068091-1-06032017-pzzb1010-300x200.jpg\" alt=\"\" width=\"400\" height=\"267\" srcset=\"https:\/\/tvtecjundiai.com.br\/news\/wp-content\/uploads\/sites\/2\/2019\/01\/1068091-1-06032017-pzzb1010-300x200.jpg 300w, https:\/\/tvtecjundiai.com.br\/news\/wp-content\/uploads\/sites\/2\/2019\/01\/1068091-1-06032017-pzzb1010-768x512.jpg 768w, https:\/\/tvtecjundiai.com.br\/news\/wp-content\/uploads\/sites\/2\/2019\/01\/1068091-1-06032017-pzzb1010.jpg 1140w\" sizes=\"auto, (max-width: 400px) 100vw, 400px\" \/><\/a><p id=\"caption-attachment-23661\" class=\"wp-caption-text\">Resultado do Sisu ser\u00e1 divulgado no dia 28 de janeiro<\/p><\/div>\n<p>Do dia 28 de janeiro ao dia 4 de fevereiro, os estudantes que n\u00e3o foram selecionados na chamada regular, em nenhuma das op\u00e7\u00f5es, podem manifestar o interesse em participar da lista de espera. Esses alunos ser\u00e3o convocados pelas pr\u00f3prias institui\u00e7\u00f5es de ensino a partir do dia 7 de fevereiro. A principal novidade deste ano \u00e9 que os estudantes que forem selecionados em qualquer uma das duas op\u00e7\u00f5es n\u00e3o poder\u00e3o participar da lista de espera. At\u00e9 o ano passado, aqueles que eram selecionados na segunda op\u00e7\u00e3o podiam ainda participar da lista e ter a chance de ser escolhido na primeira op\u00e7\u00e3o.<\/p>\n<p>Os candidatos podem acompanhar a inscri\u00e7\u00e3o pela internet, no\u00a0<a href=\"http:\/\/sisu.mec.gov.br\/mobile\" target=\"_blank\" rel=\"noopener\">site\u00a0do Sisu<\/a>, ou pelo aplicativo do sistema de sele\u00e7\u00e3o. Pelo app, \u00e9 poss\u00edvel ter acesso \u00e0s classifica\u00e7\u00f5es parciais e notas de corte, ver o resultado final e a lista de aprovados. Para ter acesso a resultados de edi\u00e7\u00f5es passadas do Sisu e comparar a pr\u00f3pria nota com as notas de corte anteriores, os estudantes podem acessar, gratuitamente, um\u00a0<a href=\"http:\/\/agenciabrasil.ebc.com.br\/educacao\/noticia\/2019-01\/mec-lanca-programa-para-simular-nota-no-sisu\" target=\"_blank\" rel=\"noopener\">simulador<\/a>, desenvolvido pelo Minist\u00e9rio da Educa\u00e7\u00e3o.<\/p>\n<p>Ao entrar na p\u00e1gina do simulador, o estudante coloca suas notas das disciplinas de ci\u00eancias da natureza, ci\u00eancias humanas, linguagem, matem\u00e1tica e reda\u00e7\u00e3o de qualquer das edi\u00e7\u00f5es do Enem que tenha participado. Depois, marca a alternativa \u201campla concorr\u00eancia\u201d ou \u201clei de cotas\u201d e, se desejar, usa os filtros dispon\u00edveis.<\/p>\n<p><em>(Fonte: Ag\u00eancia Brasil; Imagem:\u00a0Fabio Rodrigues Pozzebom)<\/em><\/p>\n","protected":false},"excerpt":{"rendered":"<p>O resultado ser\u00e1 divulgado no dia 28 de janeiro<\/p>\n","protected":false},"author":10,"featured_media":23661,"comment_status":"closed","ping_status":"closed","sticky":false,"template":"","format":"standard","meta":{"footnotes":""},"categories":[2828],"tags":[1030,2104],"class_list":["post-23660","post","type-post","status-publish","format-standard","has-post-thumbnail","hentry","category-educacao","tag-enem","tag-sisu"],"_links":{"self":[{"href":"https:\/\/tvtecjundiai.com.br\/news\/wp-json\/wp\/v2\/posts\/23660","targetHints":{"allow":["GET"]}}],"collection":[{"href":"https:\/\/tvtecjundiai.com.br\/news\/wp-json\/wp\/v2\/posts"}],"about":[{"href":"https:\/\/tvtecjundiai.com.br\/news\/wp-json\/wp\/v2\/types\/post"}],"author":[{"embeddable":true,"href":"https:\/\/tvtecjundiai.com.br\/news\/wp-json\/wp\/v2\/users\/10"}],"replies":[{"embeddable":true,"href":"https:\/\/tvtecjundiai.com.br\/news\/wp-json\/wp\/v2\/comments?post=23660"}],"version-history":[{"count":1,"href":"https:\/\/tvtecjundiai.com.br\/news\/wp-json\/wp\/v2\/posts\/23660\/revisions"}],"predecessor-version":[{"id":23662,"href":"https:\/\/tvtecjundiai.com.br\/news\/wp-json\/wp\/v2\/posts\/23660\/revisions\/23662"}],"wp:featuredmedia":[{"embeddable":true,"href":"https:\/\/tvtecjundiai.com.br\/news\/wp-json\/wp\/v2\/media\/23661"}],"wp:attachment":[{"href":"https:\/\/tvtecjundiai.com.br\/news\/wp-json\/wp\/v2\/media?parent=23660"}],"wp:term":[{"taxonomy":"category","embeddable":true,"href":"https:\/\/tvtecjundiai.com.br\/news\/wp-json\/wp\/v2\/categories?post=23660"},{"taxonomy":"post_tag","embeddable":true,"href":"https:\/\/tvtecjundiai.com.br\/news\/wp-json\/wp\/v2\/tags?post=23660"}],"curies":[{"name":"wp","href":"https:\/\/api.w.org\/{rel}","templated":true}]}}