{"id":24759,"date":"2019-02-06T16:28:44","date_gmt":"2019-02-06T18:28:44","guid":{"rendered":"https:\/\/tvtecjundiai.com.br\/news\/?p=24759"},"modified":"2019-02-06T16:29:05","modified_gmt":"2019-02-06T18:29:05","slug":"cultura-abre-inscricoes-para-o-coral-municipal-de-jundiai","status":"publish","type":"post","link":"https:\/\/tvtecjundiai.com.br\/news\/2019\/02\/06\/cultura-abre-inscricoes-para-o-coral-municipal-de-jundiai\/","title":{"rendered":"Cultura abre inscri\u00e7\u00f5es para o Coral Municipal de Jundia\u00ed"},"content":{"rendered":"<p>A Unidade de Gest\u00e3o de Cultura (UGC) est\u00e1 com inscri\u00e7\u00f5es abertas para a sele\u00e7\u00e3o de volunt\u00e1rios que queiram compor o grupo de coralistas que integrar\u00e3o o Coral Municipal de Jundia\u00ed. Qualquer cidad\u00e3o acima de 18 anos, com ou sem experi\u00eancia musical, poder\u00e1 se inscrever no per\u00edodo de 19 de dezembro a 15 de fevereiro de 2019 no Departamento de Cultura, que fica na avenida Uni\u00e3o dos Ferrovi\u00e1rios, 1760, Complexo Fepasa, das 9h \u00e0s 17h, se segunda a sexta-feira, exceto feriados e pontos facultativos.\u00a0No ato da inscri\u00e7\u00e3o, os volunt\u00e1rios interessados devem entregar a ficha de inscri\u00e7\u00e3o preenchida, com uma c\u00f3pia de comprovante de resid\u00eancia recente e RG.<\/p>\n<div id=\"attachment_24760\" style=\"width: 410px\" class=\"wp-caption alignright\"><a href=\"https:\/\/tvtecjundiai.com.br\/news\/wp-content\/uploads\/sites\/2\/2019\/02\/coral_municipal.jpg\"><img loading=\"lazy\" decoding=\"async\" aria-describedby=\"caption-attachment-24760\" class=\"wp-image-24760\" src=\"https:\/\/tvtecjundiai.com.br\/news\/wp-content\/uploads\/sites\/2\/2019\/02\/coral_municipal-300x180.jpg\" alt=\"\" width=\"400\" height=\"241\" \/><\/a><p id=\"caption-attachment-24760\" class=\"wp-caption-text\">Inscri\u00e7\u00f5es para o Coral v\u00e3o at\u00e9 o dia 15 de fevereiro<\/p><\/div>\n<p><strong>CONFIRA A\u00a0<a href=\"http:\/\/cultura.jundiai.sp.gov.br\/wp-content\/uploads\/2018\/12\/Ficha_coral_inscricao.docx\" target=\"_blank\" rel=\"noopener\">FICHA DE INSCRI\u00c7\u00c3O<\/a>\u00a0e\u00a0<a href=\"http:\/\/cultura.jundiai.sp.gov.br\/wp-content\/uploads\/2018\/12\/Coral-Municipal-termo-de-responsabilidade.docx\" target=\"_blank\" rel=\"noopener\">TERMO DE RESPONSABILIDADE<\/a><\/strong><\/p>\n<p>A sele\u00e7\u00e3o das vozes masculinas e femininas que ir\u00e3o compor Coral ocorrer\u00e1 durante o per\u00edodo das inscri\u00e7\u00f5es, em data, hor\u00e1rio e local informados no ato da inscri\u00e7\u00e3o e ser\u00e1 realizada pela Comiss\u00e3o de sele\u00e7\u00e3o, formada pelo regente e diretor art\u00edstico e por seu assistente. Os selecionados integrar\u00e3o o Coral por pelo menos um semestre e devem comparecer aos ensaios, realizados \u00e0s ter\u00e7as e quintas-feiras, das 19h30 \u00e0s 21h30, na Sala dos Rel\u00f3gios do Complexo Fepasa.<\/p>\n<p>O Coral Municipal de Jundia\u00ed visa difundir o canto coral, por meio da realiza\u00e7\u00e3o de concertos, manter interc\u00e2mbio cultural com entidades similares, revelar talentos na \u00e1rea musical e integrar-se aos demais objetivos culturais do Munic\u00edpio. Mais informa\u00e7\u00f5es podem ser obtidas no\u00a0<strong><a href=\"https:\/\/imprensaoficial.jundiai.sp.gov.br\/wp-content\/uploads\/2018\/12\/25e7bd23-d8d3-4f22-b242-45bc851f1d09_Edi%C3%A7%C3%A3o-4500-3.pdf\" target=\"_blank\" rel=\"noopener\">edital UGC n\u00ba 12\/2018, publicado nas p\u00e1ginas 42 e 43 da edi\u00e7\u00e3o 4500 da Imprensa Oficial<\/a><\/strong>, de 19 de dezembro de 2018, ou pelo telefone (11) 4585-9750.<\/p>\n<p><em>(Fonte\/Imagem: Cultura Jundia\u00ed)<\/em><\/p>\n","protected":false},"excerpt":{"rendered":"<p>Inscri\u00e7\u00f5es para o Coral v\u00e3o at\u00e9 o dia 15 de fevereiro<\/p>\n","protected":false},"author":10,"featured_media":24760,"comment_status":"closed","ping_status":"closed","sticky":false,"template":"","format":"standard","meta":{"footnotes":""},"categories":[2834,2833],"tags":[3388],"class_list":["post-24759","post","type-post","status-publish","format-standard","has-post-thumbnail","hentry","category-cidades","category-cultura","tag-coral-municipal"],"_links":{"self":[{"href":"https:\/\/tvtecjundiai.com.br\/news\/wp-json\/wp\/v2\/posts\/24759","targetHints":{"allow":["GET"]}}],"collection":[{"href":"https:\/\/tvtecjundiai.com.br\/news\/wp-json\/wp\/v2\/posts"}],"about":[{"href":"https:\/\/tvtecjundiai.com.br\/news\/wp-json\/wp\/v2\/types\/post"}],"author":[{"embeddable":true,"href":"https:\/\/tvtecjundiai.com.br\/news\/wp-json\/wp\/v2\/users\/10"}],"replies":[{"embeddable":true,"href":"https:\/\/tvtecjundiai.com.br\/news\/wp-json\/wp\/v2\/comments?post=24759"}],"version-history":[{"count":2,"href":"https:\/\/tvtecjundiai.com.br\/news\/wp-json\/wp\/v2\/posts\/24759\/revisions"}],"predecessor-version":[{"id":24762,"href":"https:\/\/tvtecjundiai.com.br\/news\/wp-json\/wp\/v2\/posts\/24759\/revisions\/24762"}],"wp:featuredmedia":[{"embeddable":true,"href":"https:\/\/tvtecjundiai.com.br\/news\/wp-json\/wp\/v2\/media\/24760"}],"wp:attachment":[{"href":"https:\/\/tvtecjundiai.com.br\/news\/wp-json\/wp\/v2\/media?parent=24759"}],"wp:term":[{"taxonomy":"category","embeddable":true,"href":"https:\/\/tvtecjundiai.com.br\/news\/wp-json\/wp\/v2\/categories?post=24759"},{"taxonomy":"post_tag","embeddable":true,"href":"https:\/\/tvtecjundiai.com.br\/news\/wp-json\/wp\/v2\/tags?post=24759"}],"curies":[{"name":"wp","href":"https:\/\/api.w.org\/{rel}","templated":true}]}}