{"id":25201,"date":"2019-02-13T17:04:28","date_gmt":"2019-02-13T19:04:28","guid":{"rendered":"https:\/\/tvtecjundiai.com.br\/news\/?p=25201"},"modified":"2019-02-13T17:04:28","modified_gmt":"2019-02-13T19:04:28","slug":"cia-de-teatro-estreia-temporada-no-polytheama-neste-domingo-17","status":"publish","type":"post","link":"https:\/\/tvtecjundiai.com.br\/news\/2019\/02\/13\/cia-de-teatro-estreia-temporada-no-polytheama-neste-domingo-17\/","title":{"rendered":"Cia. de Teatro estreia temporada no Polytheama neste domingo (17)"},"content":{"rendered":"<p>A Cia. de Teatro de Jundia\u00ed estreia neste domingo (17) o espet\u00e1culo \u201cN1NHO\u201d, como parte do programa \u201cMatin\u00ea no Poly\u201d. O lan\u00e7amento da pe\u00e7a da temporada 2019 ser\u00e1 realizado no Teatro Polytheama, \u00e0s 18h, e tem entrada gratuita, com classifica\u00e7\u00e3o livre e indica\u00e7\u00e3o para crian\u00e7as a partir dos seis anos.<\/p>\n<div id=\"attachment_25202\" style=\"width: 410px\" class=\"wp-caption alignright\"><a href=\"https:\/\/tvtecjundiai.com.br\/news\/wp-content\/uploads\/sites\/2\/2019\/02\/n1nho_cia-_de_teatro.jpg\"><img loading=\"lazy\" decoding=\"async\" aria-describedby=\"caption-attachment-25202\" class=\"wp-image-25202\" src=\"https:\/\/tvtecjundiai.com.br\/news\/wp-content\/uploads\/sites\/2\/2019\/02\/n1nho_cia-_de_teatro-300x156.jpg\" alt=\"\" width=\"400\" height=\"208\" srcset=\"https:\/\/tvtecjundiai.com.br\/news\/wp-content\/uploads\/sites\/2\/2019\/02\/n1nho_cia-_de_teatro-300x156.jpg 300w, https:\/\/tvtecjundiai.com.br\/news\/wp-content\/uploads\/sites\/2\/2019\/02\/n1nho_cia-_de_teatro-768x400.jpg 768w, https:\/\/tvtecjundiai.com.br\/news\/wp-content\/uploads\/sites\/2\/2019\/02\/n1nho_cia-_de_teatro-1200x625.jpg 1200w, https:\/\/tvtecjundiai.com.br\/news\/wp-content\/uploads\/sites\/2\/2019\/02\/n1nho_cia-_de_teatro.jpg 1280w\" sizes=\"auto, (max-width: 400px) 100vw, 400px\" \/><\/a><p id=\"caption-attachment-25202\" class=\"wp-caption-text\">F\u00e1bula musical narra a hist\u00f3ria de um beija-flor crian\u00e7a que tenta despertar \u201ca arte do fazer arte, viver e rir\u201d<\/p><\/div>\n<p>\u201cN1NHO\u201d \u00e9 uma f\u00e1bula musical que narra a hist\u00f3ria de um beija-flor crian\u00e7a que pousa em um ninho, localizado em cima de um pr\u00e9dio de uma cidade, com a miss\u00e3o de despertar \u201ca arte do fazer arte, viver e rir\u201d, que os p\u00e1ssaros adultos, disfar\u00e7ados de urubus, escondem em seus cora\u00e7\u00f5es.<\/p>\n<p>O espet\u00e1culo tem dura\u00e7\u00e3o de 45 minutos e os ingressos gratuitos ser\u00e3o distribu\u00eddos na bilheteria do teatro neste s\u00e1bado (16), \u00e0s 14h \u00e0s 17h, e no domingo (17), a partir das 14h, podendo ser retirados dois ingressos por adulto na fila. Assim como a Orquestra Municipal de Jundia\u00ed (OMJ), a Cia. Jovem de Dan\u00e7a e o Coral Municipal, a Cia. de Teatro \u00e9 um corpo art\u00edstico do Teatro Polytheama que promove a oferta cultural nos eventos gratuitos promovidos pela Prefeitura, al\u00e9m de valorizar a produ\u00e7\u00e3o e o trabalho art\u00edsticos.<\/p>\n<p>O Teatro Polytheama fica na rua Bar\u00e3o de Jundia\u00ed, 176, Centro, e os telefones para contato s\u00e3o (11) 4586-2472 e 4522-0770, com atendimento de segunda a sexta-feira, das 8h \u00e0s 17h.<\/p>\n<p><em>(Prefeitura de Jundia\u00ed)<\/em><\/p>\n","protected":false},"excerpt":{"rendered":"<p>Lan\u00e7amento da temporada 2019 ser\u00e1 no Polytheama \u00e0s 18h com entrada gratuita<\/p>\n","protected":false},"author":10,"featured_media":25202,"comment_status":"closed","ping_status":"closed","sticky":false,"template":"","format":"standard","meta":{"footnotes":""},"categories":[2833],"tags":[],"class_list":["post-25201","post","type-post","status-publish","format-standard","has-post-thumbnail","hentry","category-cultura"],"_links":{"self":[{"href":"https:\/\/tvtecjundiai.com.br\/news\/wp-json\/wp\/v2\/posts\/25201","targetHints":{"allow":["GET"]}}],"collection":[{"href":"https:\/\/tvtecjundiai.com.br\/news\/wp-json\/wp\/v2\/posts"}],"about":[{"href":"https:\/\/tvtecjundiai.com.br\/news\/wp-json\/wp\/v2\/types\/post"}],"author":[{"embeddable":true,"href":"https:\/\/tvtecjundiai.com.br\/news\/wp-json\/wp\/v2\/users\/10"}],"replies":[{"embeddable":true,"href":"https:\/\/tvtecjundiai.com.br\/news\/wp-json\/wp\/v2\/comments?post=25201"}],"version-history":[{"count":1,"href":"https:\/\/tvtecjundiai.com.br\/news\/wp-json\/wp\/v2\/posts\/25201\/revisions"}],"predecessor-version":[{"id":25203,"href":"https:\/\/tvtecjundiai.com.br\/news\/wp-json\/wp\/v2\/posts\/25201\/revisions\/25203"}],"wp:featuredmedia":[{"embeddable":true,"href":"https:\/\/tvtecjundiai.com.br\/news\/wp-json\/wp\/v2\/media\/25202"}],"wp:attachment":[{"href":"https:\/\/tvtecjundiai.com.br\/news\/wp-json\/wp\/v2\/media?parent=25201"}],"wp:term":[{"taxonomy":"category","embeddable":true,"href":"https:\/\/tvtecjundiai.com.br\/news\/wp-json\/wp\/v2\/categories?post=25201"},{"taxonomy":"post_tag","embeddable":true,"href":"https:\/\/tvtecjundiai.com.br\/news\/wp-json\/wp\/v2\/tags?post=25201"}],"curies":[{"name":"wp","href":"https:\/\/api.w.org\/{rel}","templated":true}]}}