{"id":25398,"date":"2019-02-15T15:43:20","date_gmt":"2019-02-15T17:43:20","guid":{"rendered":"https:\/\/tvtecjundiai.com.br\/news\/?p=25398"},"modified":"2019-02-15T15:43:30","modified_gmt":"2019-02-15T17:43:30","slug":"coral-cenico-infantil-retorna-ao-nucleo-educacional-antonieta-chaves-cintra","status":"publish","type":"post","link":"https:\/\/tvtecjundiai.com.br\/news\/2019\/02\/15\/coral-cenico-infantil-retorna-ao-nucleo-educacional-antonieta-chaves-cintra\/","title":{"rendered":"Coral C\u00eanico Infantil retorna ao N\u00facleo Educacional Antonieta Chaves Cintra"},"content":{"rendered":"<p>O projeto, \u201cDons &amp; Tons \u2013 Coral C\u00eanico Infantil\u201d ser\u00e1 desenvolvido no N\u00facleo Educacional Antonieta Chaves Cintra e beneficiar\u00e1 24 alunos da unidade, de sete a dez anos, que ter\u00e3o aulas \u00e0s ter\u00e7as e quinta-feiras, das 13h30 \u00e0s 15h30, at\u00e9 dezembro de 2019. As aulas ser\u00e3o na unidade localizada no Bairro Jardim Novo Horizonte .<\/p>\n<p><a href=\"https:\/\/tvtecjundiai.com.br\/news\/wp-content\/uploads\/sites\/2\/2019\/02\/IMG_7418-e1550252576451.jpg\"><img loading=\"lazy\" decoding=\"async\" class=\"wp-image-25399 alignleft\" src=\"https:\/\/tvtecjundiai.com.br\/news\/wp-content\/uploads\/sites\/2\/2019\/02\/IMG_7418-e1550252576451-300x225.jpg\" alt=\"\" width=\"423\" height=\"317\" srcset=\"https:\/\/tvtecjundiai.com.br\/news\/wp-content\/uploads\/sites\/2\/2019\/02\/IMG_7418-e1550252576451-300x225.jpg 300w, https:\/\/tvtecjundiai.com.br\/news\/wp-content\/uploads\/sites\/2\/2019\/02\/IMG_7418-e1550252576451-768x576.jpg 768w, https:\/\/tvtecjundiai.com.br\/news\/wp-content\/uploads\/sites\/2\/2019\/02\/IMG_7418-e1550252576451-1200x900.jpg 1200w, https:\/\/tvtecjundiai.com.br\/news\/wp-content\/uploads\/sites\/2\/2019\/02\/IMG_7418-e1550252576451.jpg 2001w\" sizes=\"auto, (max-width: 423px) 100vw, 423px\" \/><\/a><\/p>\n<p>A iniciativa faz parte da parceria entre a Funda\u00e7\u00e3o e a Escola de M\u00fasica de Jundia\u00ed, que em seu programa \u201cM\u00fasica e Cidadania\u201d integrou o projeto \u2018Dons &amp; Tons\u201d, idealizado pela regente Silmara Drezza e aprovado pelo Proac \u2013 lei de incentivo \u00e0 Cultura do Governo de S\u00e3o Paulo, com o patroc\u00ednio das empresas: Sayerlack, Astra-Finamax, Foxconn e Coopercica.<\/p>\n<p>A primeira aula foi realizada na ter\u00e7a-feira (12). As crian\u00e7as aprender\u00e3o t\u00e9cnica vocal, prepara\u00e7\u00e3o c\u00eanica, corporal e coreogr\u00e1fica. Ser\u00e3o realizadas sete apresenta\u00e7\u00f5es, com entrada franca, destinadas principalmente ao p\u00fablico infantil de escolas p\u00fablicas e institui\u00e7\u00f5es de apoio \u00e0 crian\u00e7a e ao adolescente.<\/p>\n<p><strong>Dons &amp; Tons<\/strong><\/p>\n<p>O projeto Dons &amp; Tons \u2013 Coral C\u00eanico Infantil criado em 2013 teve suas atividades baseadas no bairro do Jardim S\u00e3o Camilo, at\u00e9 2017, com o projeto Florescer. E agora retorna em parceria com a FAACG.<\/p>\n<p>Est\u00e3o \u00e0 frente do Dons &amp; Tons: a idealizadora, a regente Silmara Drezza; a Coordenadora do projeto e diretora art\u00edstica da Escola de M\u00fasica de Jundia\u00ed, a maestrina Claudia Feres e a diretora pedag\u00f3gica Luciana Feres Nagumo (nome forte no trabalho em musicaliza\u00e7\u00e3o infantil no Brasil).<\/p>\n","protected":false},"excerpt":{"rendered":"<p>S\u00e3o 24 alunos, de 7 a 10 anos, que ter\u00e3o aulas \u00e0s ter\u00e7as e quinta-feiras<\/p>\n","protected":false},"author":8,"featured_media":25399,"comment_status":"closed","ping_status":"closed","sticky":false,"template":"","format":"standard","meta":{"footnotes":""},"categories":[2828,1],"tags":[3111],"class_list":["post-25398","post","type-post","status-publish","format-standard","has-post-thumbnail","hentry","category-educacao","category-noticias","tag-fundacao-antonio-antonieta-cintra-gordinho"],"_links":{"self":[{"href":"https:\/\/tvtecjundiai.com.br\/news\/wp-json\/wp\/v2\/posts\/25398","targetHints":{"allow":["GET"]}}],"collection":[{"href":"https:\/\/tvtecjundiai.com.br\/news\/wp-json\/wp\/v2\/posts"}],"about":[{"href":"https:\/\/tvtecjundiai.com.br\/news\/wp-json\/wp\/v2\/types\/post"}],"author":[{"embeddable":true,"href":"https:\/\/tvtecjundiai.com.br\/news\/wp-json\/wp\/v2\/users\/8"}],"replies":[{"embeddable":true,"href":"https:\/\/tvtecjundiai.com.br\/news\/wp-json\/wp\/v2\/comments?post=25398"}],"version-history":[{"count":1,"href":"https:\/\/tvtecjundiai.com.br\/news\/wp-json\/wp\/v2\/posts\/25398\/revisions"}],"predecessor-version":[{"id":25400,"href":"https:\/\/tvtecjundiai.com.br\/news\/wp-json\/wp\/v2\/posts\/25398\/revisions\/25400"}],"wp:featuredmedia":[{"embeddable":true,"href":"https:\/\/tvtecjundiai.com.br\/news\/wp-json\/wp\/v2\/media\/25399"}],"wp:attachment":[{"href":"https:\/\/tvtecjundiai.com.br\/news\/wp-json\/wp\/v2\/media?parent=25398"}],"wp:term":[{"taxonomy":"category","embeddable":true,"href":"https:\/\/tvtecjundiai.com.br\/news\/wp-json\/wp\/v2\/categories?post=25398"},{"taxonomy":"post_tag","embeddable":true,"href":"https:\/\/tvtecjundiai.com.br\/news\/wp-json\/wp\/v2\/tags?post=25398"}],"curies":[{"name":"wp","href":"https:\/\/api.w.org\/{rel}","templated":true}]}}