{"id":25495,"date":"2019-02-18T15:37:56","date_gmt":"2019-02-18T18:37:56","guid":{"rendered":"https:\/\/tvtecjundiai.com.br\/news\/?p=25495"},"modified":"2019-02-18T15:38:03","modified_gmt":"2019-02-18T18:38:03","slug":"carnaval-2019-tem-programacao-definida","status":"publish","type":"post","link":"https:\/\/tvtecjundiai.com.br\/news\/2019\/02\/18\/carnaval-2019-tem-programacao-definida\/","title":{"rendered":"Carnaval 2019 tem programa\u00e7\u00e3o definida"},"content":{"rendered":"<h2>Desfile dos blocos<\/h2>\n<h4>22 de fevereiro (sexta-feira)<\/h4>\n<p><strong>das 15h \u00e0s 18h30 \u2013 Chupa que \u00e9 de Uva<\/strong><br \/>\nConcentra\u00e7\u00e3o: avenida Luiz Gonzaga Martins Guimar\u00e3es, Jardim Campos El\u00edseos<\/p>\n<h4>24 de fevereiro (domingo)<\/h4>\n<p><strong>das 14h \u00e0s 20h \u2013 Afro Keker\u00ea<\/strong><br \/>\nConcentra\u00e7\u00e3o: avenida Uni\u00e3o dos Ferrovi\u00e1rios<\/p>\n<p><strong>das 16h \u00e0s 20h \u2013 Basta Vir e se Divertir<\/strong><br \/>\nRua Pastor Francesco Ciamarella- Vetor Oeste<\/p>\n<h4>01 de mar\u00e7o (sexta-feira)<\/h4>\n<p><strong>das 16h \u00e0s 20h \u2013 Refogado do Sandi<\/strong><br \/>\nConcentra\u00e7\u00e3o: Pra\u00e7a Ruy Barbosa \u2013 Centro<\/p>\n<h4>02 de mar\u00e7o (s\u00e1bado)<\/h4>\n<p><strong>das 15h \u00e0s 20h \u2013 Bloco da Ponte Torta<\/strong><br \/>\nConcentra\u00e7\u00e3o: rua Bar\u00e3o de Jundia\u00ed \u2013 Centro<\/p>\n<p><strong>20h \u2013 Desfile das Escolas de Samba<\/strong><br \/>\n\u00c1rea de Desfiles \u2013 Cidade Administrativa<\/p>\n<h4>03 de mar\u00e7o (domingo)<\/h4>\n<p><strong>das 10h \u00e0s 14h \u2013 Super Poderosa<\/strong><br \/>\nConcentra\u00e7\u00e3o: Pra\u00e7a Marechal Floriano Peixoto \u2013 Centro<\/p>\n<p><strong>das 14h \u00e0s 18h \u2013 Bloco do Gordo<\/strong><br \/>\nConcentra\u00e7\u00e3o: rua Padre Norberto Mojola \u2013 Santa Gertrudes<\/p>\n<p><strong>das 14h \u00e0s 20h \u2013 Galo Doido<\/strong><br \/>\n\u00c1rea de Desfiles \u2013 Cidade Administrativa<\/p>\n<p><strong>das 15h \u00e0s 18h \u2013 Mam\u00e3e Eu Quero<\/strong><br \/>\n<a href=\"https:\/\/parquedacidade.jundiai.sp.gov.br\/\" target=\"_blank\" rel=\"noopener\">Parque da Cidade<\/a><\/p>\n<h4>04 de mar\u00e7o (segunda-feira)<\/h4>\n<p><strong>das 10h \u00e0s 15h \u2013 Continuamos na nossa<\/strong><br \/>\nConcentra\u00e7\u00e3o: avenida Padre \u00c2ngelo Cremonti \u2013 Ponte S\u00e3o Jo\u00e3o<\/p>\n<p><strong>das 14h \u00e0s 20h \u2013 Folia Beats<\/strong><br \/>\n\u00c1rea de Desfiles \u2013 Cidade Administrativa<\/p>\n<p><strong>das 15h \u00e0s 20h \u2013 Agora \u00e9 N\u00f3izzzz<\/strong><br \/>\nConcentra\u00e7\u00e3o: rua Ol\u00edvia Queiroz \u2013 Gramad\u00e3o<\/p>\n<h4>05 de mar\u00e7o (ter\u00e7a-feira)<\/h4>\n<p><strong>das 14h \u00e0s 20h \u2013 Bloco do Rato<\/strong><br \/>\nAvenida carmine Todaro \u2013 Vetor Oeste<\/p>\n<p><strong>20h \u2013 Desfile das Escolas de Samba<\/strong><br \/>\n\u00c1rea de Desfiles \u2013 Cidade Administrativa<\/p>\n<h4>10 de mar\u00e7o (domingo)<\/h4>\n<p><strong>das 14h \u00e0s 20h \u2013 Le\u00f5es do Povo<\/strong><br \/>\n\u00c1rea de Desfiles \u2013 Cidade Administrativa<\/p>\n<p>&nbsp;<\/p>\n<h2>Escolas de Samba<\/h2>\n<p><strong>Local:<\/strong>\u00a0Cidade Administrativa, pr\u00f3ximo ao Terminal Hortol\u00e2ndia<\/p>\n<h4>02 de mar\u00e7o (s\u00e1bado)<\/h4>\n<p><strong>20h \u2013 Grupo de Acesso<\/strong><br \/>\nMocidade Alegre e Caprichosos de Jundia\u00ed<\/p>\n<p><strong>20h \u2013 Grupo Especial<\/strong><br \/>\nUni\u00e3o da Vila Rio Branco e Le\u00f5es da Hortol\u00e2ndia<\/p>\n<h4>05 de mar\u00e7o (ter\u00e7a)<\/h4>\n<p><strong>20h \u2013 Grupo de Acesso<\/strong><br \/>\nMarujos da Zona Sul e Uni\u00e3o do Povo<\/p>\n<p><strong>20h \u2013 Grupo Especial<\/strong><br \/>\nArco-\u00cdris e Unidos da Zona Leste<\/p>\n","protected":false},"excerpt":{"rendered":"<p>Programa\u00e7\u00e3o de Carnaval em Jundia\u00ed come\u00e7a no dia 22 de fevereiro<\/p>\n","protected":false},"author":10,"featured_media":25496,"comment_status":"closed","ping_status":"closed","sticky":false,"template":"","format":"standard","meta":{"footnotes":""},"categories":[2833],"tags":[],"class_list":["post-25495","post","type-post","status-publish","format-standard","has-post-thumbnail","hentry","category-cultura"],"_links":{"self":[{"href":"https:\/\/tvtecjundiai.com.br\/news\/wp-json\/wp\/v2\/posts\/25495","targetHints":{"allow":["GET"]}}],"collection":[{"href":"https:\/\/tvtecjundiai.com.br\/news\/wp-json\/wp\/v2\/posts"}],"about":[{"href":"https:\/\/tvtecjundiai.com.br\/news\/wp-json\/wp\/v2\/types\/post"}],"author":[{"embeddable":true,"href":"https:\/\/tvtecjundiai.com.br\/news\/wp-json\/wp\/v2\/users\/10"}],"replies":[{"embeddable":true,"href":"https:\/\/tvtecjundiai.com.br\/news\/wp-json\/wp\/v2\/comments?post=25495"}],"version-history":[{"count":2,"href":"https:\/\/tvtecjundiai.com.br\/news\/wp-json\/wp\/v2\/posts\/25495\/revisions"}],"predecessor-version":[{"id":25498,"href":"https:\/\/tvtecjundiai.com.br\/news\/wp-json\/wp\/v2\/posts\/25495\/revisions\/25498"}],"wp:featuredmedia":[{"embeddable":true,"href":"https:\/\/tvtecjundiai.com.br\/news\/wp-json\/wp\/v2\/media\/25496"}],"wp:attachment":[{"href":"https:\/\/tvtecjundiai.com.br\/news\/wp-json\/wp\/v2\/media?parent=25495"}],"wp:term":[{"taxonomy":"category","embeddable":true,"href":"https:\/\/tvtecjundiai.com.br\/news\/wp-json\/wp\/v2\/categories?post=25495"},{"taxonomy":"post_tag","embeddable":true,"href":"https:\/\/tvtecjundiai.com.br\/news\/wp-json\/wp\/v2\/tags?post=25495"}],"curies":[{"name":"wp","href":"https:\/\/api.w.org\/{rel}","templated":true}]}}