{"id":25540,"date":"2019-02-19T13:02:59","date_gmt":"2019-02-19T16:02:59","guid":{"rendered":"https:\/\/tvtecjundiai.com.br\/news\/?p=25540"},"modified":"2019-02-19T13:06:29","modified_gmt":"2019-02-19T16:06:29","slug":"icone-do-k-pop-bts-anuncia-show-em-sao-paulo-em-maio","status":"publish","type":"post","link":"https:\/\/tvtecjundiai.com.br\/news\/2019\/02\/19\/icone-do-k-pop-bts-anuncia-show-em-sao-paulo-em-maio\/","title":{"rendered":"\u00cdcone do k-pop, BTS anuncia show em S\u00e3o Paulo em maio"},"content":{"rendered":"<p>O BTS, um dos maiores grupos de k-pop do mundo, anunciou um show \u00fanico no Brasil. O grupo coreano se apresentar\u00e1 em S\u00e3o Paulo, no Allianz Parque, no dia 25 de maio. Os ingressos come\u00e7ar\u00e3o a ser vendidos no dia 11 de mar\u00e7o, a partir das 10 horas.<\/p>\n<div id=\"attachment_25541\" style=\"width: 510px\" class=\"wp-caption alignright\"><a href=\"https:\/\/tvtecjundiai.com.br\/news\/wp-content\/uploads\/sites\/2\/2019\/02\/BTS-DSTK-748x410.jpg\"><img loading=\"lazy\" decoding=\"async\" aria-describedby=\"caption-attachment-25541\" class=\"wp-image-25541\" src=\"https:\/\/tvtecjundiai.com.br\/news\/wp-content\/uploads\/sites\/2\/2019\/02\/BTS-DSTK-748x410-300x164.jpg\" alt=\"\" width=\"500\" height=\"274\" srcset=\"https:\/\/tvtecjundiai.com.br\/news\/wp-content\/uploads\/sites\/2\/2019\/02\/BTS-DSTK-748x410-300x164.jpg 300w, https:\/\/tvtecjundiai.com.br\/news\/wp-content\/uploads\/sites\/2\/2019\/02\/BTS-DSTK-748x410.jpg 748w\" sizes=\"auto, (max-width: 500px) 100vw, 500px\" \/><\/a><p id=\"caption-attachment-25541\" class=\"wp-caption-text\">Venda dos ingressos come\u00e7a no dia 11 de mar\u00e7o, \u00e0s 10 horas<\/p><\/div>\n<p>A passagem dos sete integrantes por S\u00e3o Paulo faz parte da turn\u00ea mundial &#8220;Love Yourself: Speak Yourself&#8221;, que ainda tem datas em Los Angeles (4\/5), Chicago (11\/5), E. Rutherford (18\/5). Depois do Brasil, o grupo segue para shows em Londres, Paris e quatro datas no Jap\u00e3o, duas em Osaka e duas em Shizuoka. Segundo comunicado enviado pela produtora do show, as informa\u00e7\u00f5es sobre ingressos, mapa de assentos e pre\u00e7os ser\u00e3o divulgadas em breve.<\/p>\n<p>Recentemente, o BTS tem dominado mais o mercado ocidental, principalmente o americano. Os integrantes estiveram na cerim\u00f4nia do Grammy e afirmaram que haviam &#8220;realizado um sonho&#8221;. Na lista Billboard\u00a0200, o grupo emplacou dois \u00e1lbuns na primeira posi\u00e7\u00e3o e\u00a0foi capa da revista Time.\u00a0 Esta n\u00e3o \u00e9 a primeira vez dos coreanos no pa\u00eds. Eles se apresentaram em dois shows em S\u00e3o Paulo, em mar\u00e7o de 2017.<\/p>\n<p><em>(Uol; Imagem: Reprodu\u00e7\u00e3o)<\/em><\/p>\n","protected":false},"excerpt":{"rendered":"<p>Venda dos ingressos come\u00e7a no dia 11 de mar\u00e7o, \u00e0s 10 horas<\/p>\n","protected":false},"author":10,"featured_media":25541,"comment_status":"closed","ping_status":"closed","sticky":false,"template":"","format":"standard","meta":{"footnotes":""},"categories":[3076,2824],"tags":[1903,4909,4911,4910,2306],"class_list":["post-25540","post","type-post","status-publish","format-standard","has-post-thumbnail","hentry","category-entretenimento","category-variedades","tag-brasil","tag-bts","tag-coreia","tag-kpop","tag-show"],"_links":{"self":[{"href":"https:\/\/tvtecjundiai.com.br\/news\/wp-json\/wp\/v2\/posts\/25540","targetHints":{"allow":["GET"]}}],"collection":[{"href":"https:\/\/tvtecjundiai.com.br\/news\/wp-json\/wp\/v2\/posts"}],"about":[{"href":"https:\/\/tvtecjundiai.com.br\/news\/wp-json\/wp\/v2\/types\/post"}],"author":[{"embeddable":true,"href":"https:\/\/tvtecjundiai.com.br\/news\/wp-json\/wp\/v2\/users\/10"}],"replies":[{"embeddable":true,"href":"https:\/\/tvtecjundiai.com.br\/news\/wp-json\/wp\/v2\/comments?post=25540"}],"version-history":[{"count":4,"href":"https:\/\/tvtecjundiai.com.br\/news\/wp-json\/wp\/v2\/posts\/25540\/revisions"}],"predecessor-version":[{"id":25545,"href":"https:\/\/tvtecjundiai.com.br\/news\/wp-json\/wp\/v2\/posts\/25540\/revisions\/25545"}],"wp:featuredmedia":[{"embeddable":true,"href":"https:\/\/tvtecjundiai.com.br\/news\/wp-json\/wp\/v2\/media\/25541"}],"wp:attachment":[{"href":"https:\/\/tvtecjundiai.com.br\/news\/wp-json\/wp\/v2\/media?parent=25540"}],"wp:term":[{"taxonomy":"category","embeddable":true,"href":"https:\/\/tvtecjundiai.com.br\/news\/wp-json\/wp\/v2\/categories?post=25540"},{"taxonomy":"post_tag","embeddable":true,"href":"https:\/\/tvtecjundiai.com.br\/news\/wp-json\/wp\/v2\/tags?post=25540"}],"curies":[{"name":"wp","href":"https:\/\/api.w.org\/{rel}","templated":true}]}}