{"id":2559,"date":"2017-11-06T11:14:36","date_gmt":"2017-11-06T13:14:36","guid":{"rendered":"https:\/\/tvtecjundiai.com.br\/news\/?p=2559"},"modified":"2017-11-06T16:41:25","modified_gmt":"2017-11-06T18:41:25","slug":"febre-amarela-263-mil-imunizados-campanha-continua","status":"publish","type":"post","link":"https:\/\/tvtecjundiai.com.br\/news\/2017\/11\/06\/febre-amarela-263-mil-imunizados-campanha-continua\/","title":{"rendered":"Febre amarela: cidade tem 263 mil imunizados; campanha continua"},"content":{"rendered":"<p>O balan\u00e7o divulgado pela Unidade de Gest\u00e3o de Promo\u00e7\u00e3o da Sa\u00fade (UGPS), por meio da Vigil\u00e2ncia Epidemiol\u00f3gica e da Unidade de Vigil\u00e2ncia de Zoonoses (UVZ), da campanha de vacina\u00e7\u00e3o contra febre amarela, \u2013 at\u00e9 a \u00faltima a\u00e7\u00e3o \u2013 realizada no s\u00e1bado (4), na Unidade B\u00e1sica de Sa\u00fade (UBS) Central \u2013 aponta a imuniza\u00e7\u00e3o de\u00a0263.709 mil\u00a0 pessoas, somente neste ano. O montante \u2013 somado \u00e0 estimativa de mais 100 mil pessoas j\u00e1 imunizadas em anos anteriores \u2013 totaliza 89% da popula\u00e7\u00e3o jundiaiense (409.497, segundo Censo IBGE 2017) imune \u00e0 doen\u00e7a. Para esta semana a vacina permanece dispon\u00edvel em todas as UBSs durante hor\u00e1rio normal de atendimento, e, nas quatro unidades com funcionamento em hor\u00e1rio ampliado.<\/p>\n<div id=\"attachment_1815\" style=\"width: 357px\" class=\"wp-caption alignleft\"><a href=\"https:\/\/tvtecjundiai.com.br\/news\/wp-content\/uploads\/sites\/2\/2017\/10\/vacinacao-febre-amarela-1-1.jpg\"><img loading=\"lazy\" decoding=\"async\" aria-describedby=\"caption-attachment-1815\" class=\"wp-image-1815 \" src=\"https:\/\/tvtecjundiai.com.br\/news\/wp-content\/uploads\/sites\/2\/2017\/10\/vacinacao-febre-amarela-1-1-300x219.jpg\" alt=\"\" width=\"347\" height=\"253\" \/><\/a><p id=\"caption-attachment-1815\" class=\"wp-caption-text\">A meta \u00e9 chegar a 95% da popula\u00e7\u00e3o imunizada<\/p><\/div>\n<p>A campanha foi motivo de elogio para a administra\u00e7\u00e3o do prefeito Luiz Fernando Machado, que recebeu liga\u00e7\u00e3o do Secret\u00e1rio de Estado da Sa\u00fade, David Uip, sobre o trabalho realizado em toda a cidade. \u201cJundia\u00ed \u00e9 exemplo para outras cidades do Estado, segundo o Secret\u00e1rio de Sa\u00fade. Somente com o trabalho em equipe e o esfor\u00e7o de todas as unidades, que cederam pessoas para auxiliar na for\u00e7a-tarefa do Posto Avan\u00e7ado do Parque da Uva, esse resultado foi alcan\u00e7ado\u201d, salientou o Chefe do Executivo, durante reuni\u00e3o com servidores da UGPS, na semana passada.<\/p>\n<p><strong>LEIA TAMB\u00c9M<\/strong><br \/>\n<a href=\"https:\/\/www.jundiai.sp.gov.br\/noticias\/2017\/11\/01\/proteses-resgatam-autoestima-e-promovem-a-saude\/\">Pr\u00f3teses resgatam autoestima e promovem a sa\u00fade<\/a><\/p>\n<p>Jundia\u00ed n\u00e3o registra suspeitas ou casos confirmados de febre amarela em humanos. Entre os 190 macacos encontrados mortos na cidade,\u00a058 tiveram a confirma\u00e7\u00e3o de febre amarela, 35 foram negativos, 39 aguardam resultados e 58 foram classificados como inadequados para an\u00e1lise. As a\u00e7\u00f5es das equipes de monitoramento de campo continuam, com a orienta\u00e7\u00e3o aos moradores com rela\u00e7\u00e3o aos riscos dos criadouros de mosquitos aedes aegypti, que em meio urbano, s\u00e3o os respons\u00e1veis pela transmiss\u00e3o da doen\u00e7a.<\/p>\n<p>Todas as UBSs ofertam, a partir desta segunda-feira (6), no m\u00ednimo 100 doses por dia, exceto o Posto de Sa\u00fade da Fam\u00edlia (PSF) Vila Esperan\u00e7a.\u00a0O atendimento para livre demanda, at\u00e9 20h, ser\u00e1 nas UBS Agapeama, Hortol\u00e2ndia e Tamoio. A UBS Novo Horizonte atende at\u00e9 19h30.<\/p>\n","protected":false},"excerpt":{"rendered":"<p>Jundia\u00ed j\u00e1 est\u00e1 com 89% de sua popula\u00e7\u00e3o vacinada. A meta \u00e9 chegar a 95%<\/p>\n","protected":false},"author":8,"featured_media":2417,"comment_status":"closed","ping_status":"closed","sticky":false,"template":"","format":"standard","meta":{"footnotes":""},"categories":[29,1],"tags":[48,5,107,108,53],"class_list":["post-2559","post","type-post","status-publish","format-standard","has-post-thumbnail","hentry","category-destaque","category-noticias","tag-febre-amarela","tag-jundiai","tag-prefeitura-de-jundiai","tag-unidade-de-vigilancia-de-zoonoses","tag-vigilancia-epidemiologica"],"_links":{"self":[{"href":"https:\/\/tvtecjundiai.com.br\/news\/wp-json\/wp\/v2\/posts\/2559","targetHints":{"allow":["GET"]}}],"collection":[{"href":"https:\/\/tvtecjundiai.com.br\/news\/wp-json\/wp\/v2\/posts"}],"about":[{"href":"https:\/\/tvtecjundiai.com.br\/news\/wp-json\/wp\/v2\/types\/post"}],"author":[{"embeddable":true,"href":"https:\/\/tvtecjundiai.com.br\/news\/wp-json\/wp\/v2\/users\/8"}],"replies":[{"embeddable":true,"href":"https:\/\/tvtecjundiai.com.br\/news\/wp-json\/wp\/v2\/comments?post=2559"}],"version-history":[{"count":6,"href":"https:\/\/tvtecjundiai.com.br\/news\/wp-json\/wp\/v2\/posts\/2559\/revisions"}],"predecessor-version":[{"id":2593,"href":"https:\/\/tvtecjundiai.com.br\/news\/wp-json\/wp\/v2\/posts\/2559\/revisions\/2593"}],"wp:featuredmedia":[{"embeddable":true,"href":"https:\/\/tvtecjundiai.com.br\/news\/wp-json\/wp\/v2\/media\/2417"}],"wp:attachment":[{"href":"https:\/\/tvtecjundiai.com.br\/news\/wp-json\/wp\/v2\/media?parent=2559"}],"wp:term":[{"taxonomy":"category","embeddable":true,"href":"https:\/\/tvtecjundiai.com.br\/news\/wp-json\/wp\/v2\/categories?post=2559"},{"taxonomy":"post_tag","embeddable":true,"href":"https:\/\/tvtecjundiai.com.br\/news\/wp-json\/wp\/v2\/tags?post=2559"}],"curies":[{"name":"wp","href":"https:\/\/api.w.org\/{rel}","templated":true}]}}