{"id":26121,"date":"2019-02-27T10:31:42","date_gmt":"2019-02-27T13:31:42","guid":{"rendered":"https:\/\/tvtecjundiai.com.br\/news\/?p=26121"},"modified":"2019-02-27T11:03:51","modified_gmt":"2019-02-27T14:03:51","slug":"em-estagio-de-atencao-jundiai-deve-ter-tarde-de-chuva-forte-1","status":"publish","type":"post","link":"https:\/\/tvtecjundiai.com.br\/news\/2019\/02\/27\/em-estagio-de-atencao-jundiai-deve-ter-tarde-de-chuva-forte-1\/","title":{"rendered":"Em est\u00e1gio de aten\u00e7\u00e3o, Jundia\u00ed deve ter tarde de chuva forte"},"content":{"rendered":"<p>O Climatempo prev\u00ea que esta quarta-feira (27) ser\u00e1 um dia de sol alternando com muitas nuvens e chuva a qualquer hora em pontos isolados. A temperatura varia de 18 a 25\u00ba C e a umidade relativa do ar entre 70% e 90%.\u00a0A partir da tarde volta o risco de chuva forte que pode se estender pela noite.<\/p>\n<p><a href=\"https:\/\/tvtecjundiai.com.br\/news\/wp-content\/uploads\/sites\/2\/2019\/02\/chuva-em-jundia\u00ed-e1551275277910.png\"><img loading=\"lazy\" decoding=\"async\" class=\"alignleft wp-image-26125\" src=\"https:\/\/tvtecjundiai.com.br\/news\/wp-content\/uploads\/sites\/2\/2019\/02\/chuva-em-jundia\u00ed-e1551275277910.png\" alt=\"\" width=\"450\" height=\"274\" srcset=\"https:\/\/tvtecjundiai.com.br\/news\/wp-content\/uploads\/sites\/2\/2019\/02\/chuva-em-jundia\u00ed-e1551275277910.png 592w, https:\/\/tvtecjundiai.com.br\/news\/wp-content\/uploads\/sites\/2\/2019\/02\/chuva-em-jundia\u00ed-e1551275277910-300x182.png 300w\" sizes=\"auto, (max-width: 450px) 100vw, 450px\" \/><\/a><\/p>\n<p>Desde esta ter\u00e7a (26), a Defesa Civil de Jundia\u00ed informa que a chuva generalizada e persistente que atingiu a cidade resultando em um volume de 80 mm desde segunda-feira \u00e0 noite, superou em 45% a m\u00e9dia hist\u00f3rica dos \u00faltimos sete anos. No m\u00eas de fevereiro, at\u00e9 a manh\u00e3 desta ter\u00e7a, j\u00e1 havia chovido um volume de 370 mm. <strong>O munic\u00edpio ingressou no EST\u00c1GIO DE ATEN\u00c7\u00c3O<\/strong>.<\/p>\n<p>Um sistema de baixa press\u00e3o no oceano ajuda a refor\u00e7ar as \u00e1reas de instabilidade que j\u00e1 estavam sobre o estado de S\u00e3o Paulo, ap\u00f3s a passagem de uma frente fria. \u00a0No per\u00edodo da manh\u00e3 a chuva ainda deve ser fraca em quase todo o estado. \u00a0O excesso de nebulosidade e a chuva persistente no decorrer do dia n\u00e3o deixa a temperatura subir muito. Ser\u00e1 um dia com temperatura amena, principalmente na capital paulista.<\/p>\n<p><em>(Fonte: Climatempo; Imagem: F\u00e1bio Barros)<\/em><\/p>\n","protected":false},"excerpt":{"rendered":"<p>Volume de chuva de 370 mm \u00e9 o maior que a m\u00e9dia hist\u00f3rica dos \u00faltimos 7 anos<\/p>\n","protected":false},"author":8,"featured_media":26125,"comment_status":"closed","ping_status":"closed","sticky":false,"template":"","format":"standard","meta":{"footnotes":""},"categories":[3185,29,1],"tags":[114,4970],"class_list":["post-26121","post","type-post","status-publish","format-standard","has-post-thumbnail","hentry","category-clima","category-destaque","category-noticias","tag-clima","tag-meteorologia"],"_links":{"self":[{"href":"https:\/\/tvtecjundiai.com.br\/news\/wp-json\/wp\/v2\/posts\/26121","targetHints":{"allow":["GET"]}}],"collection":[{"href":"https:\/\/tvtecjundiai.com.br\/news\/wp-json\/wp\/v2\/posts"}],"about":[{"href":"https:\/\/tvtecjundiai.com.br\/news\/wp-json\/wp\/v2\/types\/post"}],"author":[{"embeddable":true,"href":"https:\/\/tvtecjundiai.com.br\/news\/wp-json\/wp\/v2\/users\/8"}],"replies":[{"embeddable":true,"href":"https:\/\/tvtecjundiai.com.br\/news\/wp-json\/wp\/v2\/comments?post=26121"}],"version-history":[{"count":5,"href":"https:\/\/tvtecjundiai.com.br\/news\/wp-json\/wp\/v2\/posts\/26121\/revisions"}],"predecessor-version":[{"id":26127,"href":"https:\/\/tvtecjundiai.com.br\/news\/wp-json\/wp\/v2\/posts\/26121\/revisions\/26127"}],"wp:featuredmedia":[{"embeddable":true,"href":"https:\/\/tvtecjundiai.com.br\/news\/wp-json\/wp\/v2\/media\/26125"}],"wp:attachment":[{"href":"https:\/\/tvtecjundiai.com.br\/news\/wp-json\/wp\/v2\/media?parent=26121"}],"wp:term":[{"taxonomy":"category","embeddable":true,"href":"https:\/\/tvtecjundiai.com.br\/news\/wp-json\/wp\/v2\/categories?post=26121"},{"taxonomy":"post_tag","embeddable":true,"href":"https:\/\/tvtecjundiai.com.br\/news\/wp-json\/wp\/v2\/tags?post=26121"}],"curies":[{"name":"wp","href":"https:\/\/api.w.org\/{rel}","templated":true}]}}