{"id":26183,"date":"2019-02-27T16:34:46","date_gmt":"2019-02-27T19:34:46","guid":{"rendered":"https:\/\/tvtecjundiai.com.br\/news\/?p=26183"},"modified":"2019-02-27T17:13:58","modified_gmt":"2019-02-27T20:13:58","slug":"tvtec-abre-workshop-de-instagram-voltado-a-pessoas-com-mais-de-40-anos-27","status":"publish","type":"post","link":"https:\/\/tvtecjundiai.com.br\/news\/2019\/02\/27\/tvtec-abre-workshop-de-instagram-voltado-a-pessoas-com-mais-de-40-anos-27\/","title":{"rendered":"TVTEC abre workshop de Instagram voltado a pessoas com mais de 40 anos"},"content":{"rendered":"<p>Que atire a primeira pedra quem n\u00e3o est\u00e1 se perguntando, mas afinal, o que \u00e9 esse workshop &#8216;Instagram 40+&#8217;? E a\u00ed vai a resposta: ele \u00e9 voltado para aquele profissional que busca a recoloca\u00e7\u00e3o no mercado de trabalho, ou aquele que quer dar um salto ainda maior em seus neg\u00f3cios no campo digital, fazendo uso dessa plataforma.<\/p>\n<div id=\"attachment_26107\" style=\"width: 410px\" class=\"wp-caption alignright\"><a href=\"https:\/\/tvtecjundiai.com.br\/news\/wp-content\/uploads\/sites\/2\/2019\/02\/hjuofydhbvhj.jpg\"><img loading=\"lazy\" decoding=\"async\" aria-describedby=\"caption-attachment-26107\" class=\"wp-image-26107\" src=\"https:\/\/tvtecjundiai.com.br\/news\/wp-content\/uploads\/sites\/2\/2019\/02\/hjuofydhbvhj-300x168.jpg\" alt=\"\" width=\"400\" height=\"224\" \/><\/a><p id=\"caption-attachment-26107\" class=\"wp-caption-text\">Workshop &#8216;Instagram 40+&#8217; \u00e9 uma das novidades da TVTEC em mar\u00e7o<\/p><\/div>\n<p>A ideia, certamente, \u00e9 oferecer oportunidade de conhecimento do Instagram \u00e0s pessoas das gera\u00e7\u00f5es anal\u00f3gicas, em especial da terceira idade. Ao final, o aluno, que at\u00e9 ent\u00e3o n\u00e3o era familiarizado com o universo digital, estar\u00e1 apto para se comunicar com os amigos e familiares por meio desse aplicativo t\u00e3o popular.<\/p>\n<p>O que \u00e9 o Instagram? Como fazer o seu download? Como criar um perfil pessoal? Como adicionar uma foto? Essas e outras perguntas ser\u00e3o respondidas a partir do dia 12 de mar\u00e7o! O workshop &#8216;Instagram 40+&#8217; ter\u00e1 duas turmas nesta primeira bateria de cursos do m\u00eas: a primeira, com aulas nos dias 12 e 14\/3, das 13h30 \u00e0s 17h30; e a segunda, com aulas nos dias 13 e 15\/3, das 9h \u00e0s 12h.<\/p>\n<p><strong>Inscri\u00e7\u00f5es<\/strong><br \/>\nAs inscri\u00e7\u00f5es ser\u00e3o abertas nesta sexta-feira (01), \u00e0s 11 horas, e podem ser feitas no link que ser\u00e1 divulgado no evento oficial do Facebook.\u00a0<strong><a href=\"https:\/\/www.facebook.com\/events\/708890872840757\/\">Confira o evento dos Workshops TVTEC no Facebook.<\/a><\/strong><\/p>\n<p><em>(Caroline Ferreira)<\/em><\/p>\n","protected":false},"excerpt":{"rendered":"<p>Inscri\u00e7\u00f5es online ser\u00e3o nesta sexta-feira (01) a partir das 11 horas<\/p>\n","protected":false},"author":10,"featured_media":26203,"comment_status":"closed","ping_status":"closed","sticky":false,"template":"","format":"standard","meta":{"footnotes":""},"categories":[2832,2828,1,2835],"tags":[],"class_list":["post-26183","post","type-post","status-publish","format-standard","has-post-thumbnail","hentry","category-cursos","category-educacao","category-noticias","category-tecnologia"],"_links":{"self":[{"href":"https:\/\/tvtecjundiai.com.br\/news\/wp-json\/wp\/v2\/posts\/26183","targetHints":{"allow":["GET"]}}],"collection":[{"href":"https:\/\/tvtecjundiai.com.br\/news\/wp-json\/wp\/v2\/posts"}],"about":[{"href":"https:\/\/tvtecjundiai.com.br\/news\/wp-json\/wp\/v2\/types\/post"}],"author":[{"embeddable":true,"href":"https:\/\/tvtecjundiai.com.br\/news\/wp-json\/wp\/v2\/users\/10"}],"replies":[{"embeddable":true,"href":"https:\/\/tvtecjundiai.com.br\/news\/wp-json\/wp\/v2\/comments?post=26183"}],"version-history":[{"count":5,"href":"https:\/\/tvtecjundiai.com.br\/news\/wp-json\/wp\/v2\/posts\/26183\/revisions"}],"predecessor-version":[{"id":26195,"href":"https:\/\/tvtecjundiai.com.br\/news\/wp-json\/wp\/v2\/posts\/26183\/revisions\/26195"}],"wp:featuredmedia":[{"embeddable":true,"href":"https:\/\/tvtecjundiai.com.br\/news\/wp-json\/wp\/v2\/media\/26203"}],"wp:attachment":[{"href":"https:\/\/tvtecjundiai.com.br\/news\/wp-json\/wp\/v2\/media?parent=26183"}],"wp:term":[{"taxonomy":"category","embeddable":true,"href":"https:\/\/tvtecjundiai.com.br\/news\/wp-json\/wp\/v2\/categories?post=26183"},{"taxonomy":"post_tag","embeddable":true,"href":"https:\/\/tvtecjundiai.com.br\/news\/wp-json\/wp\/v2\/tags?post=26183"}],"curies":[{"name":"wp","href":"https:\/\/api.w.org\/{rel}","templated":true}]}}