{"id":26252,"date":"2019-02-28T12:35:26","date_gmt":"2019-02-28T15:35:26","guid":{"rendered":"https:\/\/tvtecjundiai.com.br\/news\/?p=26252"},"modified":"2019-02-28T12:57:18","modified_gmt":"2019-02-28T15:57:18","slug":"veja-o-que-abre-e-o-que-fecha-em-jundiai-nos-pontos-facultativos-do-carnaval-1","status":"publish","type":"post","link":"https:\/\/tvtecjundiai.com.br\/news\/2019\/02\/28\/veja-o-que-abre-e-o-que-fecha-em-jundiai-nos-pontos-facultativos-do-carnaval-1\/","title":{"rendered":"Veja o que abre e o que fecha nos pontos facultativos do Carnaval"},"content":{"rendered":"<p>Por conta dos pontos facultativos da segunda (04) e ter\u00e7a-feira (05) de Carnaval, alguns equipamentos p\u00fablicos da cidade podem ter seus hor\u00e1rios de funcionamento alterados, conforme estabelece o\u00a0<strong><a href=\"https:\/\/jundiai.sp.gov.br\/administracao-e-gestao-de-pessoas\/wp-content\/uploads\/sites\/16\/2019\/01\/feriados-2019-decreto-27-857-1.pdf\" target=\"_blank\" rel=\"noopener\">decreto 27.857, de 14 de novembro de 2018<\/a><\/strong>. Confira abaixo o funcionamento detalhado dos servi\u00e7os durante os pr\u00f3ximos dias:<\/p>\n<div id=\"attachment_26253\" style=\"width: 460px\" class=\"wp-caption alignright\"><a href=\"https:\/\/tvtecjundiai.com.br\/news\/wp-content\/uploads\/sites\/2\/2019\/02\/ciccj-e1551368245882.jpg\"><img loading=\"lazy\" decoding=\"async\" aria-describedby=\"caption-attachment-26253\" class=\"wp-image-26253\" src=\"https:\/\/tvtecjundiai.com.br\/news\/wp-content\/uploads\/sites\/2\/2019\/02\/ciccj-e1551368245882-300x167.jpg\" alt=\"\" width=\"450\" height=\"250\" srcset=\"https:\/\/tvtecjundiai.com.br\/news\/wp-content\/uploads\/sites\/2\/2019\/02\/ciccj-e1551368245882-300x167.jpg 300w, https:\/\/tvtecjundiai.com.br\/news\/wp-content\/uploads\/sites\/2\/2019\/02\/ciccj-e1551368245882-768x427.jpg 768w, https:\/\/tvtecjundiai.com.br\/news\/wp-content\/uploads\/sites\/2\/2019\/02\/ciccj-e1551368245882.jpg 1196w\" sizes=\"auto, (max-width: 450px) 100vw, 450px\" \/><\/a><p id=\"caption-attachment-26253\" class=\"wp-caption-text\">Centro Integrado monitora os desfiles dos blocos e escolas de samba<\/p><\/div>\n<p><strong>Pa\u00e7o Municipal<\/strong><br \/>\nO Pa\u00e7o n\u00e3o tem expediente nesta segunda (04) e ter\u00e7a-feira (05) e volta ao atendimento normal na quarta-feira (06), \u00e0s 8h. Durante esses dias, na Sala de Situa\u00e7\u00e3o, funciona o Centro Integrado de Comando e Controle de Jundia\u00ed (CICCJ) para monitoramento dos blocos de rua e dos desfiles das escolas de samba, a fim de garantir a seguran\u00e7a e a tranquilidade tanto para os participantes quanto para a popula\u00e7\u00e3o em geral.<\/p>\n<p><strong>Sa\u00fade<\/strong><br \/>\nAs Unidades B\u00e1sicas de Sa\u00fade (UBSs), Cl\u00ednica da Fam\u00edlia, Ambulat\u00f3rios, CAPS 1, CAPS 2 e o CAPS Infanto-juvenil estar\u00e3o fechados entre os dias 02 a 05 de mar\u00e7o e retomam o atendimento na quarta-feira (06). J\u00e1 o CAPS AD fica aberto 24 horas, apenas para acolhidos.<\/p>\n<p>As unidades de Pronto-Atendimento (PA) seguem o cronograma: os PAs Retiro (rua Maria L\u00facia de Almeida, 100) e Vila Hortol\u00e2ndia (avenida Prefeito Jos\u00e9 Castro Marcondes, 510) funcionam todos os dias, das 7h \u00e0s 18h. J\u00e1 o PA da Ponte S\u00e3o Jo\u00e3o (rua Santo Ant\u00f4nio, 191) funciona todos os dias, das 7h \u00e0s 18h, exceto no domingo (03), em que permanece fechado.<\/p>\n<p>As situa\u00e7\u00f5es de urg\u00eancia devem ser dirigidas para o PS do Hospital S\u00e3o Vicente de Paulo (adultos) ou Hospital Universit\u00e1rio (gestantes, crian\u00e7as e adolescentes), PA Central (pra\u00e7a Dom Pedro II, Centro) e UPA 24H Vetor Oeste, em per\u00edodo integral.<\/p>\n<p><strong>Mobilidade e Transporte<\/strong><br \/>\nAs informa\u00e7\u00f5es sobre tr\u00e2nsito podem ser consultadas no\u00a0site da Prefeitura, <strong><a href=\"https:\/\/jundiai.sp.gov.br\/noticias\/2019\/02\/28\/transito-confira-as-alteracoes-para-os-proximos-dias\/\">clicando aqui<\/a><\/strong>.<\/p>\n<div id=\"attachment_7920\" style=\"width: 410px\" class=\"wp-caption alignleft\"><a href=\"https:\/\/tvtecjundiai.com.br\/news\/wp-content\/uploads\/sites\/2\/2018\/03\/polytheama-fila.jpg\"><img loading=\"lazy\" decoding=\"async\" aria-describedby=\"caption-attachment-7920\" class=\"wp-image-7920\" src=\"https:\/\/tvtecjundiai.com.br\/news\/wp-content\/uploads\/sites\/2\/2018\/03\/polytheama-fila-300x227.jpg\" alt=\"\" width=\"400\" height=\"303\" srcset=\"https:\/\/tvtecjundiai.com.br\/news\/wp-content\/uploads\/sites\/2\/2018\/03\/polytheama-fila-300x227.jpg 300w, https:\/\/tvtecjundiai.com.br\/news\/wp-content\/uploads\/sites\/2\/2018\/03\/polytheama-fila-768x581.jpg 768w, https:\/\/tvtecjundiai.com.br\/news\/wp-content\/uploads\/sites\/2\/2018\/03\/polytheama-fila.jpg 1024w\" sizes=\"auto, (max-width: 400px) 100vw, 400px\" \/><\/a><p id=\"caption-attachment-7920\" class=\"wp-caption-text\">Teatro Polytheama (rua Bar\u00e3o de Jundia\u00ed, 176) permanece fechado nos dias 02, 03, 04 e 05<\/p><\/div>\n<p><strong>Cultura<\/strong><br \/>\nO Museu Hist\u00f3rico e Cultural \u2013 Solar do Bar\u00e3o (rua Bar\u00e3o de Jundia\u00ed, 762), a Pinacoteca Di\u00f3genes Duarte Paes (rua Bar\u00e3o de Jundia\u00ed, 109, Centro) e o Museu da Cia. Paulista (avenida Uni\u00e3o dos Ferrovi\u00e1rios, 1760, Complexo Fepasa) funcionam no s\u00e1bado (02), domingo (03) e ter\u00e7a-feira (05), das 9h \u00e0s 16h. Na segunda (04), os equipamentos permanecem fechados para manuten\u00e7\u00e3o e limpeza e retomam o expediente.<\/p>\n<p>O Teatro Polytheama (rua Bar\u00e3o de Jundia\u00ed, 176) permanece fechado nos dias 02, 03, 04 e 05 e reabre a bilheteria na quarta-feira (06), a partir das 13h.<\/p>\n<p>A programa\u00e7\u00e3o dos desfiles dos blocos de rua e das escolas de samba pode ser conferida no\u00a0<strong><a href=\"https:\/\/cultura.jundiai.sp.gov.br\/carnaval-2019\/\" target=\"_blank\" rel=\"noopener\">site da Cultura<\/a><\/strong>.<\/p>\n<p><strong>PAT<\/strong><br \/>\nO Posto de Atendimento ao Trabalhador (PAT), que fica na Rua Zacarias de Goes, 530, Centro, tamb\u00e9m permanece fechado nos dias 04 e 05 e reabre na quarta-feira (06), \u00e0s 8h.<\/p>\n<p><strong>Esporte e Lazer<\/strong><br \/>\nOs 20 complexos esportivos municipais permanecem abertos, conforme respectivos hor\u00e1rios de funcionamento, exceto na ter\u00e7a-feira (05), quando n\u00e3o h\u00e1 funcionamento.<\/p>\n<p><strong>Educa\u00e7\u00e3o<\/strong><br \/>\nAs Escolas Municipais de Educa\u00e7\u00e3o B\u00e1sica (Emebs), o Centro de L\u00ednguas e de Tecnologia da Informa\u00e7\u00e3o, o Centro Municipal de Educa\u00e7\u00e3o de Jovens e Adultos Prof. Dr. Andr\u00e9 Franco Montoro (CMEJA) n\u00e3o ter\u00e3o expediente entre os dias 02 e 05, e retornam ao funcionamento normal na quarta-feira (06).<\/p>\n<p>J\u00e1 a Biblioteca Municipal Professor Nelson Foot funciona normalmente neste s\u00e1bado (02), das 9h \u00e0s 13h, com mais uma edi\u00e7\u00e3o do \u201cLeiturinha em Foco\u201d de media\u00e7\u00e3o de leitura com atividades l\u00fadicas para incentivo \u00e0 leitura, \u00e0s 10h30. O espa\u00e7o n\u00e3o funciona nos dias 04 e 05 e reabre na quarta-feira (06), a partir das 8h.<\/p>\n<p><strong>Procon<\/strong><br \/>\nO expediente do Procon Jundia\u00ed permanece fechado nos dias 04 e 05 e reabre na quarta-feira (06), das 8h \u00e0s 16h.<\/p>\n<p><strong>DAE<\/strong><br \/>\nA DAE Jundia\u00ed informa que n\u00e3o ter\u00e1 expediente nos dias 04 e 05 de mar\u00e7o. Em caso de emerg\u00eancia, os mun\u00edcipes podem ligar gratuitamente para a Central de Relacionamento, pelo telefone 0800 133 155, com atendimento 24 horas.<\/p>\n<p>Os Postos de Atendimento da DAE nos bairros Centro (rua Zacarias de Goes, 255), Eloy Chaves (avenida Benedicto Castilho de Andrade, 369), Ponte S\u00e3o Jo\u00e3o (avenida S\u00e3o Jo\u00e3o, 611) e Vila Hortol\u00e2ndia (rodovia Vereador Geraldo Dias, 1500, Vila Hortol\u00e2ndia) tamb\u00e9m n\u00e3o funcionam nos dias 4 e 5 de mar\u00e7o. O atendimento ser\u00e1 retomado na quarta-feira (06), \u00e0s 8h.<\/p>\n<p>O Posto do Poupatempo (avenida Uni\u00e3o dos Ferrovi\u00e1rios, 1760, Complexo Fepasa) abre no s\u00e1bado (02), das 9h \u00e0s 13h, fica fechado nos dias 04 e 05 e reabre na quarta-feira (06), a partir das 12h.<\/p>\n<p><strong>Fundo Social\u00a0<\/strong><br \/>\nTamb\u00e9m n\u00e3o funciona nesta segunda (04) e ter\u00e7a (05) e retoma o atendimento na quarta-feira (06), \u00e0s 8h, na avenida Manoela Lacerda de Vergueiro, s\/n\u00ba, Anhangaba\u00fa.<\/p>\n<div id=\"attachment_25728\" style=\"width: 460px\" class=\"wp-caption alignright\"><a href=\"https:\/\/tvtecjundiai.com.br\/news\/wp-content\/uploads\/sites\/2\/2019\/02\/parque-do-engordadouro_c_-2.jpg\"><img loading=\"lazy\" decoding=\"async\" aria-describedby=\"caption-attachment-25728\" class=\"wp-image-25728\" src=\"https:\/\/tvtecjundiai.com.br\/news\/wp-content\/uploads\/sites\/2\/2019\/02\/parque-do-engordadouro_c_-2-300x200.jpg\" alt=\"\" width=\"450\" height=\"300\" srcset=\"https:\/\/tvtecjundiai.com.br\/news\/wp-content\/uploads\/sites\/2\/2019\/02\/parque-do-engordadouro_c_-2-300x200.jpg 300w, https:\/\/tvtecjundiai.com.br\/news\/wp-content\/uploads\/sites\/2\/2019\/02\/parque-do-engordadouro_c_-2-768x512.jpg 768w, https:\/\/tvtecjundiai.com.br\/news\/wp-content\/uploads\/sites\/2\/2019\/02\/parque-do-engordadouro_c_-2-1200x801.jpg 1200w, https:\/\/tvtecjundiai.com.br\/news\/wp-content\/uploads\/sites\/2\/2019\/02\/parque-do-engordadouro_c_-2.jpg 1280w\" sizes=\"auto, (max-width: 450px) 100vw, 450px\" \/><\/a><p id=\"caption-attachment-25728\" class=\"wp-caption-text\">O Parque da Cidade fica aberto das 6h30 \u00e0s 19h, com entrada permitida at\u00e9 as 18h.<\/p><\/div>\n<p><strong>Parques<\/strong><br \/>\nOs parques municipais seguem com seus funcionamentos normais. O Parque da Cidade fica aberto das 6h30 \u00e0s 19h, com entrada permitida at\u00e9 as 18h.<\/p>\n<p>J\u00e1 o Jardim Bot\u00e2nico funciona das 8h \u00e0s 18h; o Parque da Uva, das 7h \u00e0s 18h; o Parque Eloy Chaves, das 7h \u00e0s 19h; o Parque Bot\u00e2nico Tulipas, das 6h \u00e0s 19h; o Parque Ant\u00f4nio Garcia Machado (Jardim do Lago), das 6h \u00e0s 19h; o Bosque do Jardim Copacabana, das 6h \u00e0s 19h; Parque do Engordadouro \u00c2ngelo Costa, das 6h \u00e0s 19h; Parque do Morada das Vinhas Jos\u00e9 Roberto Mota \u201cBarroca\u201d, das 6h \u00e0s 19h; e a Unidade de Desenvolvimento Ambiental (Unidam), das 7h30 \u00e0s 17h. O Parque do Trabalhador (Corrupira) funciona de quinta-feira a domingo, das 7h30 \u00e0s 17h.<\/p>\n<p><strong>Fumas<\/strong><br \/>\nA Funda\u00e7\u00e3o Municipal de A\u00e7\u00e3o Social de Jundia\u00ed (Fumas), que fica avenida Uni\u00e3o dos Ferrovi\u00e1rios, 2222, n\u00e3o ter\u00e1 expediente nesta segunda (04) e ter\u00e7a (05) e retoma o atendimento na quarta-feira (06), \u00e0s 8h.<\/p>\n<p>J\u00e1 os cemit\u00e9rios municipais Nossa Senhora do Desterro e Nossa Senhora do Montenegro seguem com seus hor\u00e1rios normais, das 7h \u00e0s 18h, todos os dias.<\/p>\n<p><strong>Feiras e varej\u00f5es<\/strong><br \/>\nNo s\u00e1bado (02) e domingo (03), as feiras livres e varej\u00f5es diurnos ser\u00e3o realizados normalmente. J\u00e1 na segunda (04), n\u00e3o ser\u00e1 realizada a Feira do Produtor Rural no Jardim Samambaia.<\/p>\n<p>Na ter\u00e7a (05), ser\u00e3o realizados normalmente o varej\u00e3o diurno no Jardim Sarapiranga, as feiras livres do Centro, vila Comercial e Jundiain\u00f3polis. Somente o varej\u00e3o noturno no Anhangaba\u00fa n\u00e3o ser\u00e1 realizado. Na quarta-feira (06), o calend\u00e1rio do Abastecimento volta ao normal.<\/p>\n<p><strong>Coleta de lixo<\/strong><br \/>\nOs cronogramas de coletas org\u00e2nica, seletiva cata-treco e seletiva recicl\u00e1vel seguem com normalidade e podem ser consultados no\u00a0<strong><a href=\"https:\/\/jundiai.sp.gov.br\/infraestrutura-e-servicos-publicos\/limpeza-publica\/coleta-organica-seletiva-e-cata-treco\/\" target=\"_blank\" rel=\"noopener\">site da Prefeitura<\/a><\/strong>.<\/p>\n<p><em>(Prefeitura de Jundia\u00ed; Capa: Fl\u00e1vio Xavier\/Reprodu\u00e7\u00e3o YouTube)<\/em><\/p>\n","protected":false},"excerpt":{"rendered":"<p>Alguns equipamentos p\u00fablicos podem ter hor\u00e1rio de funcionamento alterado<\/p>\n","protected":false},"author":10,"featured_media":26260,"comment_status":"closed","ping_status":"closed","sticky":false,"template":"","format":"standard","meta":{"footnotes":""},"categories":[2834,2833,29,2828,3076,2827,3569,4831,3059,2825,2824],"tags":[],"class_list":["post-26252","post","type-post","status-publish","format-standard","has-post-thumbnail","hentry","category-cidades","category-cultura","category-destaque","category-educacao","category-entretenimento","category-esportes-e-lazer","category-meio-ambiente","category-seguranca","category-transportes","category-turismo","category-variedades"],"_links":{"self":[{"href":"https:\/\/tvtecjundiai.com.br\/news\/wp-json\/wp\/v2\/posts\/26252","targetHints":{"allow":["GET"]}}],"collection":[{"href":"https:\/\/tvtecjundiai.com.br\/news\/wp-json\/wp\/v2\/posts"}],"about":[{"href":"https:\/\/tvtecjundiai.com.br\/news\/wp-json\/wp\/v2\/types\/post"}],"author":[{"embeddable":true,"href":"https:\/\/tvtecjundiai.com.br\/news\/wp-json\/wp\/v2\/users\/10"}],"replies":[{"embeddable":true,"href":"https:\/\/tvtecjundiai.com.br\/news\/wp-json\/wp\/v2\/comments?post=26252"}],"version-history":[{"count":8,"href":"https:\/\/tvtecjundiai.com.br\/news\/wp-json\/wp\/v2\/posts\/26252\/revisions"}],"predecessor-version":[{"id":26262,"href":"https:\/\/tvtecjundiai.com.br\/news\/wp-json\/wp\/v2\/posts\/26252\/revisions\/26262"}],"wp:featuredmedia":[{"embeddable":true,"href":"https:\/\/tvtecjundiai.com.br\/news\/wp-json\/wp\/v2\/media\/26260"}],"wp:attachment":[{"href":"https:\/\/tvtecjundiai.com.br\/news\/wp-json\/wp\/v2\/media?parent=26252"}],"wp:term":[{"taxonomy":"category","embeddable":true,"href":"https:\/\/tvtecjundiai.com.br\/news\/wp-json\/wp\/v2\/categories?post=26252"},{"taxonomy":"post_tag","embeddable":true,"href":"https:\/\/tvtecjundiai.com.br\/news\/wp-json\/wp\/v2\/tags?post=26252"}],"curies":[{"name":"wp","href":"https:\/\/api.w.org\/{rel}","templated":true}]}}