{"id":26308,"date":"2019-02-28T18:59:34","date_gmt":"2019-02-28T21:59:34","guid":{"rendered":"https:\/\/tvtecjundiai.com.br\/news\/?p=26308"},"modified":"2019-02-28T18:59:34","modified_gmt":"2019-02-28T21:59:34","slug":"inscricoes-para-workshops-gratuitos-da-tvtec-comecam-hoje-01-as-11-da-manha","status":"publish","type":"post","link":"https:\/\/tvtecjundiai.com.br\/news\/2019\/02\/28\/inscricoes-para-workshops-gratuitos-da-tvtec-comecam-hoje-01-as-11-da-manha\/","title":{"rendered":"Inscri\u00e7\u00f5es para workshops gratuitos da TVTEC come\u00e7am hoje (01) \u00e0s 11 da manh\u00e3"},"content":{"rendered":"<p>A TVTEC, da Prefeitura de Jundia\u00ed abre, em parceria com o Centro Paula Souza, as inscri\u00e7\u00f5es para quatro workshops gratuitos nesta sexta-feira (01):\u00a0Cria\u00e7\u00e3o de Conte\u00fado para Redes Sociais \u2013 Edi\u00e7\u00e3o M\u00e3o na Massa 4.0; Instagram 40+; Planejamento Fotogr\u00e1fico para Viagens; e Roteiro para Filmes de Casamento, com 15 vagas cada.<\/p>\n<div id=\"attachment_26315\" style=\"width: 460px\" class=\"wp-caption alignright\"><a href=\"https:\/\/tvtecjundiai.com.br\/news\/wp-content\/uploads\/sites\/2\/2019\/02\/367553-PAXLPS-993.jpg\"><img loading=\"lazy\" decoding=\"async\" aria-describedby=\"caption-attachment-26315\" class=\"wp-image-26315\" src=\"https:\/\/tvtecjundiai.com.br\/news\/wp-content\/uploads\/sites\/2\/2019\/02\/367553-PAXLPS-993-300x169.jpg\" alt=\"\" width=\"450\" height=\"253\" srcset=\"https:\/\/tvtecjundiai.com.br\/news\/wp-content\/uploads\/sites\/2\/2019\/02\/367553-PAXLPS-993-300x169.jpg 300w, https:\/\/tvtecjundiai.com.br\/news\/wp-content\/uploads\/sites\/2\/2019\/02\/367553-PAXLPS-993-768x432.jpg 768w, https:\/\/tvtecjundiai.com.br\/news\/wp-content\/uploads\/sites\/2\/2019\/02\/367553-PAXLPS-993-1200x675.jpg 1200w, https:\/\/tvtecjundiai.com.br\/news\/wp-content\/uploads\/sites\/2\/2019\/02\/367553-PAXLPS-993.jpg 2048w\" sizes=\"auto, (max-width: 450px) 100vw, 450px\" \/><\/a><p id=\"caption-attachment-26315\" class=\"wp-caption-text\">Inscri\u00e7\u00f5es online para os workshops come\u00e7am \u00e0s 11 horas da manh\u00e3 desta sexta (01)<\/p><\/div>\n<p><strong>As inscri\u00e7\u00f5es s\u00e3o online<\/strong>\u00a0e o link para se inscrever ser\u00e1 divulgado no evento oficial dos workshops no Facebook \u00e0s 11 horas da manh\u00e3.\u00a0<strong><a href=\"https:\/\/www.facebook.com\/events\/708890872840757\/\">Confira aqui o evento no Facebook.<\/a><\/strong><\/p>\n<p>Os workshops t\u00eam cargas hor\u00e1rias que variam de 4 a 6 horas\/aula e\u00a0o in\u00edcio das atividades est\u00e1 marcado para o dia 12 de mar\u00e7o (ter\u00e7a-feira), com encerramento previsto para 30 de mar\u00e7o. Os encontros ocorrem semanalmente, conforme a\u00a0grade prevista. Ao final do workshop, todos os alunos recebem Certificado de Conclus\u00e3o.<\/p>\n<p>No primeiro dia de workshop o aluno dever\u00e1 entregar<strong>documento pessoal com foto e comprovante de endere\u00e7o de Jundia\u00ed.\u00a0Caso o comprovante n\u00e3o esteja dentro dos crit\u00e9rios, o aluno n\u00e3o poder\u00e1 ingressar no workshop.<\/strong><\/p>\n<p>O comprovante de resid\u00eancia deve ser, necessariamente, o carn\u00ea de IPTU, uma conta de \u00e1gua, luz ou telefone (que seja de um dos \u00faltimos tr\u00eas meses, contados a partir da data de abertura da inscri\u00e7\u00e3o) em nome do aluno\u00a0ou:<\/p>\n<ul>\n<li>RG ou Certid\u00e3o de Nascimento: quando o comprovante estiver em nome dos pais;<\/li>\n<li>Certid\u00e3o de Casamento: quando o comprovante estiver em nome do c\u00f4njuge;<\/li>\n<li>Contrato de Loca\u00e7\u00e3o: quando o contrato estiver em nome do aluno;<\/li>\n<li>Contrato de Loca\u00e7\u00e3o + Certid\u00e3o de Casamento: quando o contrato estiver em nome do c\u00f4njuge;<\/li>\n<li>Caso o candidato resida na casa de um terceiro, ele dever\u00e1 preencher a \u201cDeclara\u00e7\u00e3o de Resid\u00eancia para Terceiro\u201d e trazer c\u00f3pias dos documentos do terceiro (RG, CPF ou CNH).<\/li>\n<\/ul>\n<p>Em mar\u00e7o ser\u00e3o oferecidas, ao todo,\u00a0 225 vagas para oito workshops TVTEC \u2013 Prefeitura de Jundia\u00ed em parceria com o Centro Paula Souza, que ser\u00e3o divulgados ao longo do m\u00eas e ministrados por profissionais da TVTEC e professores convidados.\u00a0<a href=\"https:\/\/tvtecjundiai.com.br\/cursos\/workshops-tvtec\/\"><strong>Clique aqui e confira a programa\u00e7\u00e3o completa dos cursos de mar\u00e7o.<\/strong><\/a><\/p>\n<p><strong>TVTEC<\/strong><br \/>\nDentro do conceito Escola Inovadora, implantado pelo prefeito Luiz Fernando Machado, a Rede TVTEC \u00e9 a primeira escola p\u00fablica municipal gratuita do pa\u00eds em tecnologia digital e produ\u00e7\u00e3o audiovisual, em Conv\u00eanio com o Centro Paula Souza.<\/p>\n<p>S\u00f3 n\u00f3s tr\u00eas primeiros meses de 2018, ofereceu\u00a040% de vagas a mais em rela\u00e7\u00e3o ao per\u00edodo de agosto a dezembro 2017, quando foi implantada, e at\u00e9 o momento cerca de 600 pessoas j\u00e1 foram qualificadas em seus workshops e cursos.<\/p>\n","protected":false},"excerpt":{"rendered":"<p>Inscri\u00e7\u00f5es nesta sexta come\u00e7am \u00e0s 11 horas no evento oficial do Facebook<\/p>\n","protected":false},"author":10,"featured_media":26315,"comment_status":"closed","ping_status":"closed","sticky":false,"template":"","format":"standard","meta":{"footnotes":""},"categories":[2834,2828,2835],"tags":[],"class_list":["post-26308","post","type-post","status-publish","format-standard","has-post-thumbnail","hentry","category-cidades","category-educacao","category-tecnologia"],"_links":{"self":[{"href":"https:\/\/tvtecjundiai.com.br\/news\/wp-json\/wp\/v2\/posts\/26308","targetHints":{"allow":["GET"]}}],"collection":[{"href":"https:\/\/tvtecjundiai.com.br\/news\/wp-json\/wp\/v2\/posts"}],"about":[{"href":"https:\/\/tvtecjundiai.com.br\/news\/wp-json\/wp\/v2\/types\/post"}],"author":[{"embeddable":true,"href":"https:\/\/tvtecjundiai.com.br\/news\/wp-json\/wp\/v2\/users\/10"}],"replies":[{"embeddable":true,"href":"https:\/\/tvtecjundiai.com.br\/news\/wp-json\/wp\/v2\/comments?post=26308"}],"version-history":[{"count":1,"href":"https:\/\/tvtecjundiai.com.br\/news\/wp-json\/wp\/v2\/posts\/26308\/revisions"}],"predecessor-version":[{"id":26316,"href":"https:\/\/tvtecjundiai.com.br\/news\/wp-json\/wp\/v2\/posts\/26308\/revisions\/26316"}],"wp:featuredmedia":[{"embeddable":true,"href":"https:\/\/tvtecjundiai.com.br\/news\/wp-json\/wp\/v2\/media\/26315"}],"wp:attachment":[{"href":"https:\/\/tvtecjundiai.com.br\/news\/wp-json\/wp\/v2\/media?parent=26308"}],"wp:term":[{"taxonomy":"category","embeddable":true,"href":"https:\/\/tvtecjundiai.com.br\/news\/wp-json\/wp\/v2\/categories?post=26308"},{"taxonomy":"post_tag","embeddable":true,"href":"https:\/\/tvtecjundiai.com.br\/news\/wp-json\/wp\/v2\/tags?post=26308"}],"curies":[{"name":"wp","href":"https:\/\/api.w.org\/{rel}","templated":true}]}}