{"id":26416,"date":"2019-03-02T14:24:59","date_gmt":"2019-03-02T17:24:59","guid":{"rendered":"https:\/\/tvtecjundiai.com.br\/news\/?p=26416"},"modified":"2019-03-02T14:25:27","modified_gmt":"2019-03-02T17:25:27","slug":"alunos-de-jundiai-doam-cesta-basica-para-haitiano-que-trabalha-na-escola","status":"publish","type":"post","link":"https:\/\/tvtecjundiai.com.br\/news\/2019\/03\/02\/alunos-de-jundiai-doam-cesta-basica-para-haitiano-que-trabalha-na-escola\/","title":{"rendered":"Alunos de Jundia\u00ed doam cesta b\u00e1sica para haitiano que trabalha na escola"},"content":{"rendered":"<p>Os alunos do 9\u00ba ano da escola Sesi 409, mais conhecida como Ses\u00e3o, decidiram encerrar o \u00faltimo ano do Ensino Fundamental II da melhor forma poss\u00edvel.<span class=\"Apple-converted-space\">\u00a0<\/span><\/p>\n<div id=\"attachment_26418\" style=\"width: 460px\" class=\"wp-caption alignright\"><a href=\"https:\/\/tvtecjundiai.com.br\/news\/wp-content\/uploads\/sites\/2\/2019\/03\/0016F528-465A-4250-9E13-1D04A2293CC7.jpeg\"><img loading=\"lazy\" decoding=\"async\" aria-describedby=\"caption-attachment-26418\" class=\"wp-image-26418\" src=\"https:\/\/tvtecjundiai.com.br\/news\/wp-content\/uploads\/sites\/2\/2019\/03\/0016F528-465A-4250-9E13-1D04A2293CC7-300x225.jpeg\" alt=\"\" width=\"450\" height=\"338\" srcset=\"https:\/\/tvtecjundiai.com.br\/news\/wp-content\/uploads\/sites\/2\/2019\/03\/0016F528-465A-4250-9E13-1D04A2293CC7-300x225.jpeg 300w, https:\/\/tvtecjundiai.com.br\/news\/wp-content\/uploads\/sites\/2\/2019\/03\/0016F528-465A-4250-9E13-1D04A2293CC7-768x576.jpeg 768w, https:\/\/tvtecjundiai.com.br\/news\/wp-content\/uploads\/sites\/2\/2019\/03\/0016F528-465A-4250-9E13-1D04A2293CC7.jpeg 960w\" sizes=\"auto, (max-width: 450px) 100vw, 450px\" \/><\/a><p id=\"caption-attachment-26418\" class=\"wp-caption-text\">Alunos arrecadaram cerca de 60 kg de alimentos n\u00e3o-perec\u00edveis<\/p><\/div>\n<p>Logo no in\u00edcio do ano letivo, o grupo de adolescentes decidiu arrecadar alimentos n\u00e3o perec\u00edveis, que ser\u00e3o doados para alguma institui\u00e7\u00e3o de caridade. Ap\u00f3s receber as doa\u00e7\u00f5es dos mais de 127 alunos e totalizarem quase 60kg em alimentos, eles tiveram a ideia de ajudar algu\u00e9m que estava ali, mais perto do que eles imaginavam: o tio Robison.<\/p>\n<p>Robison, carinhosamente chamado de tio pelos alunos, \u00e9 haitiano e est\u00e1 no Brasil h\u00e1 dois anos. Com alegria estampada no olhar, &#8216;tio Robison&#8217; conseguiu uma vaga para trabalhar no Sesi, motivo pelo qual ele \u00e9 muito grato.<\/p>\n<p>&#8220;Eu sou o primeiro haitiano a trabalhar nessa empresa e nessa escola. Tenho fam\u00edlia como todos aqui&#8221;, conta, ainda trope\u00e7ando no novo idioma.<\/p>\n<p>Ele chegou a Jundia\u00ed h\u00e1 cerca de dois meses e conta com ajuda e doa\u00e7\u00f5es para se manter na cidade, j\u00e1 que quase todo o seu sal\u00e1rio \u00e9 enviado para sustentar a fam\u00edlia que ainda est\u00e1 no Haiti.<\/p>\n<p>O Gr\u00eamio Estudantil da escola, junto com a dire\u00e7\u00e3o e coordena\u00e7\u00e3o, criaram uma s\u00e9rie de a\u00e7\u00f5es sociais que ser\u00e3o realizadas ao longo dos anos.<\/p>\n<p style=\"text-align: left;\">\u201cA ideia \u00e9, a cada m\u00eas, fazer uma arrecada\u00e7\u00e3o diferente e doar para institui\u00e7\u00f5es diferentes. Quando os produtos chegaram, percebemos que havia chance de ajudar o Robison&#8221;, conta a Coordenadora Pedag\u00f3gica da escola, M\u00f4nica Pedroso Bolognesi.<\/p>\n<p><em>(Tribuna de Jundia\u00ed)<\/em><\/p>\n","protected":false},"excerpt":{"rendered":"<p>Foram arrecadados cerca de 60 kg de alimentos n\u00e3o perec\u00edveis <\/p>\n","protected":false},"author":10,"featured_media":26417,"comment_status":"closed","ping_status":"closed","sticky":false,"template":"","format":"standard","meta":{"footnotes":""},"categories":[2828,2824],"tags":[],"class_list":["post-26416","post","type-post","status-publish","format-standard","has-post-thumbnail","hentry","category-educacao","category-variedades"],"_links":{"self":[{"href":"https:\/\/tvtecjundiai.com.br\/news\/wp-json\/wp\/v2\/posts\/26416","targetHints":{"allow":["GET"]}}],"collection":[{"href":"https:\/\/tvtecjundiai.com.br\/news\/wp-json\/wp\/v2\/posts"}],"about":[{"href":"https:\/\/tvtecjundiai.com.br\/news\/wp-json\/wp\/v2\/types\/post"}],"author":[{"embeddable":true,"href":"https:\/\/tvtecjundiai.com.br\/news\/wp-json\/wp\/v2\/users\/10"}],"replies":[{"embeddable":true,"href":"https:\/\/tvtecjundiai.com.br\/news\/wp-json\/wp\/v2\/comments?post=26416"}],"version-history":[{"count":2,"href":"https:\/\/tvtecjundiai.com.br\/news\/wp-json\/wp\/v2\/posts\/26416\/revisions"}],"predecessor-version":[{"id":26420,"href":"https:\/\/tvtecjundiai.com.br\/news\/wp-json\/wp\/v2\/posts\/26416\/revisions\/26420"}],"wp:featuredmedia":[{"embeddable":true,"href":"https:\/\/tvtecjundiai.com.br\/news\/wp-json\/wp\/v2\/media\/26417"}],"wp:attachment":[{"href":"https:\/\/tvtecjundiai.com.br\/news\/wp-json\/wp\/v2\/media?parent=26416"}],"wp:term":[{"taxonomy":"category","embeddable":true,"href":"https:\/\/tvtecjundiai.com.br\/news\/wp-json\/wp\/v2\/categories?post=26416"},{"taxonomy":"post_tag","embeddable":true,"href":"https:\/\/tvtecjundiai.com.br\/news\/wp-json\/wp\/v2\/tags?post=26416"}],"curies":[{"name":"wp","href":"https:\/\/api.w.org\/{rel}","templated":true}]}}