{"id":26505,"date":"2019-03-06T13:01:32","date_gmt":"2019-03-06T16:01:32","guid":{"rendered":"https:\/\/tvtecjundiai.com.br\/news\/?p=26505"},"modified":"2019-03-08T11:33:56","modified_gmt":"2019-03-08T14:33:56","slug":"prefeitura-de-jundiai-abre-inscricoes-para-a-eja-no-complexo-argos-e-nucleos-de-bairros","status":"publish","type":"post","link":"https:\/\/tvtecjundiai.com.br\/news\/2019\/03\/06\/prefeitura-de-jundiai-abre-inscricoes-para-a-eja-no-complexo-argos-e-nucleos-de-bairros\/","title":{"rendered":"Prefeitura de Jundia\u00ed abre inscri\u00e7\u00f5es para a EJA no Complexo Argos e n\u00facleos de bairros"},"content":{"rendered":"<p>O Centro Municipal de Educa\u00e7\u00e3o de Jovens e Adultos (CMEJA), \u00f3rg\u00e3o ligado \u00e0 Unidade de Gest\u00e3o de Educa\u00e7\u00e3o (UGE), segue com inscri\u00e7\u00f5es abertas para o Ensino Fundamental, com aulas presenciais e com in\u00edcio imediato no Complexo Argos e nos n\u00facleos descentralizados em nove bairros do Munic\u00edpio.<\/p>\n<div id=\"attachment_26506\" style=\"width: 510px\" class=\"wp-caption alignleft\"><a href=\"https:\/\/tvtecjundiai.com.br\/news\/wp-content\/uploads\/sites\/2\/2019\/03\/eja_materiais_escolares-3.jpg\"><img loading=\"lazy\" decoding=\"async\" aria-describedby=\"caption-attachment-26506\" class=\"wp-image-26506\" src=\"https:\/\/tvtecjundiai.com.br\/news\/wp-content\/uploads\/sites\/2\/2019\/03\/eja_materiais_escolares-3-300x200.jpg\" alt=\"\" width=\"500\" height=\"333\" srcset=\"https:\/\/tvtecjundiai.com.br\/news\/wp-content\/uploads\/sites\/2\/2019\/03\/eja_materiais_escolares-3-300x200.jpg 300w, https:\/\/tvtecjundiai.com.br\/news\/wp-content\/uploads\/sites\/2\/2019\/03\/eja_materiais_escolares-3-768x512.jpg 768w, https:\/\/tvtecjundiai.com.br\/news\/wp-content\/uploads\/sites\/2\/2019\/03\/eja_materiais_escolares-3-1200x800.jpg 1200w, https:\/\/tvtecjundiai.com.br\/news\/wp-content\/uploads\/sites\/2\/2019\/03\/eja_materiais_escolares-3.jpg 1280w\" sizes=\"auto, (max-width: 500px) 100vw, 500px\" \/><\/a><p id=\"caption-attachment-26506\" class=\"wp-caption-text\">Para in\u00edcio imediato, aulas presenciais j\u00e1 tiveram in\u00edcio e material escolar j\u00e1 foi distribu\u00eddo<\/p><\/div>\n<p>Os interessados devem ter 15 anos completos e comparecer na secretaria do CMEJA, que fica na rua Jos\u00e9 do Patroc\u00ednio, n\u00ba 200, Vila Arens, no Complexo Argos, de segunda a sexta-feira, das 8h \u00e0s 20h. No ato da inscri\u00e7\u00e3o s\u00e3o necess\u00e1rios originais e c\u00f3pias do RG, CPF, hist\u00f3rico escolar, certid\u00e3o de casamento (se tiver altera\u00e7\u00e3o no nome), comprovante de resid\u00eancia e laudo m\u00e9dico (para o caso de pessoas com defici\u00eancia).<\/p>\n<p>Os n\u00facleos descentralizados do CMEJA est\u00e3o localizados nos seguintes bairros: Morada das Vinhas, S\u00e3o Camilo\/Tarum\u00e3, Novo Horizonte, Santa Gertrudes, Vista Alegre, Engordadouro, Almerinda Chaves, Cidade Nova e Vila Marlene.<\/p>\n<p>Mais informa\u00e7\u00f5es podem ser obtidas pelo telefone (11) 4587-3518.<\/p>\n<p><em>(Prefeitura de Jundia\u00ed)<\/em><\/p>\n","protected":false},"excerpt":{"rendered":"<p>Interessados devem se inscrever no CMEJA, localizado no Complexo Argos<\/p>\n","protected":false},"author":10,"featured_media":26506,"comment_status":"closed","ping_status":"closed","sticky":false,"template":"","format":"standard","meta":{"footnotes":""},"categories":[2834,29,2828],"tags":[],"class_list":["post-26505","post","type-post","status-publish","format-standard","has-post-thumbnail","hentry","category-cidades","category-destaque","category-educacao"],"_links":{"self":[{"href":"https:\/\/tvtecjundiai.com.br\/news\/wp-json\/wp\/v2\/posts\/26505","targetHints":{"allow":["GET"]}}],"collection":[{"href":"https:\/\/tvtecjundiai.com.br\/news\/wp-json\/wp\/v2\/posts"}],"about":[{"href":"https:\/\/tvtecjundiai.com.br\/news\/wp-json\/wp\/v2\/types\/post"}],"author":[{"embeddable":true,"href":"https:\/\/tvtecjundiai.com.br\/news\/wp-json\/wp\/v2\/users\/10"}],"replies":[{"embeddable":true,"href":"https:\/\/tvtecjundiai.com.br\/news\/wp-json\/wp\/v2\/comments?post=26505"}],"version-history":[{"count":6,"href":"https:\/\/tvtecjundiai.com.br\/news\/wp-json\/wp\/v2\/posts\/26505\/revisions"}],"predecessor-version":[{"id":26716,"href":"https:\/\/tvtecjundiai.com.br\/news\/wp-json\/wp\/v2\/posts\/26505\/revisions\/26716"}],"wp:featuredmedia":[{"embeddable":true,"href":"https:\/\/tvtecjundiai.com.br\/news\/wp-json\/wp\/v2\/media\/26506"}],"wp:attachment":[{"href":"https:\/\/tvtecjundiai.com.br\/news\/wp-json\/wp\/v2\/media?parent=26505"}],"wp:term":[{"taxonomy":"category","embeddable":true,"href":"https:\/\/tvtecjundiai.com.br\/news\/wp-json\/wp\/v2\/categories?post=26505"},{"taxonomy":"post_tag","embeddable":true,"href":"https:\/\/tvtecjundiai.com.br\/news\/wp-json\/wp\/v2\/tags?post=26505"}],"curies":[{"name":"wp","href":"https:\/\/api.w.org\/{rel}","templated":true}]}}