{"id":26572,"date":"2019-03-06T19:34:34","date_gmt":"2019-03-06T22:34:34","guid":{"rendered":"https:\/\/tvtecjundiai.com.br\/news\/?p=26572"},"modified":"2019-03-06T19:34:34","modified_gmt":"2019-03-06T22:34:34","slug":"primeiro-sexta-no-centro-do-ano-homenageia-o-dia-da-mulher","status":"publish","type":"post","link":"https:\/\/tvtecjundiai.com.br\/news\/2019\/03\/06\/primeiro-sexta-no-centro-do-ano-homenageia-o-dia-da-mulher\/","title":{"rendered":"Primeiro \u201cSexta no Centro\u201d do ano homenageia o Dia da Mulher"},"content":{"rendered":"<p>O \u201cSexta no Centro\u201d est\u00e1 de volta no dia 8 de mar\u00e7o e trar\u00e1 como tema as comemora\u00e7\u00f5es pelo Dia Internacional da Mulher. A primeira edi\u00e7\u00e3o do ano volta com as suas atra\u00e7\u00f5es musicais gratuitas, gastron\u00f4micas e de artesanato. O evento \u00e9 promovido na Pra\u00e7a Marechal Floriano Peixoto, a Pra\u00e7a do Coreto, a fim de aproveitar de sua infraestrutura para a realiza\u00e7\u00e3o de shows e ampliar a oferta de atra\u00e7\u00f5es culturais na regi\u00e3o central da cidade.<\/p>\n<div id=\"attachment_26573\" style=\"width: 510px\" class=\"wp-caption alignleft\"><a href=\"https:\/\/tvtecjundiai.com.br\/news\/wp-content\/uploads\/sites\/2\/2019\/03\/sexta_no_centro-6.jpg\"><img loading=\"lazy\" decoding=\"async\" aria-describedby=\"caption-attachment-26573\" class=\"wp-image-26573\" src=\"https:\/\/tvtecjundiai.com.br\/news\/wp-content\/uploads\/sites\/2\/2019\/03\/sexta_no_centro-6-300x200.jpg\" alt=\"\" width=\"500\" height=\"333\" srcset=\"https:\/\/tvtecjundiai.com.br\/news\/wp-content\/uploads\/sites\/2\/2019\/03\/sexta_no_centro-6-300x200.jpg 300w, https:\/\/tvtecjundiai.com.br\/news\/wp-content\/uploads\/sites\/2\/2019\/03\/sexta_no_centro-6-768x512.jpg 768w, https:\/\/tvtecjundiai.com.br\/news\/wp-content\/uploads\/sites\/2\/2019\/03\/sexta_no_centro-6-1200x800.jpg 1200w, https:\/\/tvtecjundiai.com.br\/news\/wp-content\/uploads\/sites\/2\/2019\/03\/sexta_no_centro-6.jpg 1280w\" sizes=\"auto, (max-width: 500px) 100vw, 500px\" \/><\/a><p id=\"caption-attachment-26573\" class=\"wp-caption-text\">O artesanato da noite fica por conta dos artistas do programa Jundia\u00ed feito \u00e0 m\u00e3o<\/p><\/div>\n<p>As atra\u00e7\u00f5es musicais come\u00e7am \u00e0s 18h com a apresenta\u00e7\u00e3o de Luiza Miana \u201cDo Jazz ao Samba\u201d, na qual a artista traz um repert\u00f3rio rico da fus\u00e3o de jazz com samba, bossa nova com harmonias vindas do jazz e o molejo do samba genuinamente brasileiro.<\/p>\n<p>J\u00e1 a partir das 20h \u00e9 a vez da artista Juliana Hooper subir ao palco do Coreto com seu show musical focado no estilo Soul, passando pelo Blues, Jazz e Funk com um repert\u00f3rio que traz algumas composi\u00e7\u00f5es autorais e tamb\u00e9m grandes nomes femininos da m\u00fasica Soul, como Nina Simone, Amy Winehouse e Sharon Jones.<\/p>\n<p>As op\u00e7\u00f5es gastron\u00f4micas do evento ser\u00e3o oferecidas por permission\u00e1rios das feiras e varej\u00f5es da cidade, que trar\u00e3o em suas barracas lanches diversos, espetinhos, salgadinhos, p\u00e3es, pasteis, comida \u00e1rabe, derivados de milho, tapioca e frango frito, caldo de cana, al\u00e9m de sobremesas diversas, como doces, bolos, churros e salada de fruta.<\/p>\n<p>J\u00e1 o artesanato da festa fica por conta dos artistas do programa Jundia\u00ed feito \u00e0 m\u00e3o, que montar\u00e3o barracas com diversas op\u00e7\u00f5es de artesanato.<\/p>\n<p><em>(Prefeitura de Jundia\u00ed)<\/em><\/p>\n","protected":false},"excerpt":{"rendered":"<p>O evento ser\u00e1 na Pra\u00e7a do Coreto, no Centro da cidade<\/p>\n","protected":false},"author":10,"featured_media":26574,"comment_status":"closed","ping_status":"closed","sticky":false,"template":"","format":"standard","meta":{"footnotes":""},"categories":[2834,2833,3076],"tags":[],"class_list":["post-26572","post","type-post","status-publish","format-standard","has-post-thumbnail","hentry","category-cidades","category-cultura","category-entretenimento"],"_links":{"self":[{"href":"https:\/\/tvtecjundiai.com.br\/news\/wp-json\/wp\/v2\/posts\/26572","targetHints":{"allow":["GET"]}}],"collection":[{"href":"https:\/\/tvtecjundiai.com.br\/news\/wp-json\/wp\/v2\/posts"}],"about":[{"href":"https:\/\/tvtecjundiai.com.br\/news\/wp-json\/wp\/v2\/types\/post"}],"author":[{"embeddable":true,"href":"https:\/\/tvtecjundiai.com.br\/news\/wp-json\/wp\/v2\/users\/10"}],"replies":[{"embeddable":true,"href":"https:\/\/tvtecjundiai.com.br\/news\/wp-json\/wp\/v2\/comments?post=26572"}],"version-history":[{"count":1,"href":"https:\/\/tvtecjundiai.com.br\/news\/wp-json\/wp\/v2\/posts\/26572\/revisions"}],"predecessor-version":[{"id":26575,"href":"https:\/\/tvtecjundiai.com.br\/news\/wp-json\/wp\/v2\/posts\/26572\/revisions\/26575"}],"wp:featuredmedia":[{"embeddable":true,"href":"https:\/\/tvtecjundiai.com.br\/news\/wp-json\/wp\/v2\/media\/26574"}],"wp:attachment":[{"href":"https:\/\/tvtecjundiai.com.br\/news\/wp-json\/wp\/v2\/media?parent=26572"}],"wp:term":[{"taxonomy":"category","embeddable":true,"href":"https:\/\/tvtecjundiai.com.br\/news\/wp-json\/wp\/v2\/categories?post=26572"},{"taxonomy":"post_tag","embeddable":true,"href":"https:\/\/tvtecjundiai.com.br\/news\/wp-json\/wp\/v2\/tags?post=26572"}],"curies":[{"name":"wp","href":"https:\/\/api.w.org\/{rel}","templated":true}]}}