{"id":26577,"date":"2019-03-07T09:50:32","date_gmt":"2019-03-07T12:50:32","guid":{"rendered":"https:\/\/tvtecjundiai.com.br\/news\/?p=26577"},"modified":"2019-03-07T11:31:03","modified_gmt":"2019-03-07T14:31:03","slug":"previsao-e-de-chuvas-a-tarde-em-jundiai-e-todo-o-estado","status":"publish","type":"post","link":"https:\/\/tvtecjundiai.com.br\/news\/2019\/03\/07\/previsao-e-de-chuvas-a-tarde-em-jundiai-e-todo-o-estado\/","title":{"rendered":"Previs\u00e3o \u00e9 de chuvas em Jundia\u00ed e em todo o Estado de SP"},"content":{"rendered":"<p>As pancadas de chuva com raios v\u00e3o continuar em Jundia\u00ed e sobre todo o estado de\u00a0S\u00e3o Paulo\u00a0nesta quinta-feira (7), resultado do calor e da alta umidade do ar. Em Jundia\u00ed, a temperatura varia da m\u00ednima de 20\u00baC e a m\u00e1xima de 30\u00baC. O dia amanheceu ensolarado mas a previs\u00e3o \u00e9 de\u00a0aumento de nuvens de manh\u00e3. Pancadas de chuva \u00e0 tarde e \u00e0 noite<\/p>\n<p><a href=\"https:\/\/tvtecjundiai.com.br\/news\/wp-content\/uploads\/sites\/2\/2019\/03\/manh\u00e3-jundiai.jpg\"><img loading=\"lazy\" decoding=\"async\" class=\"wp-image-26578 alignright\" src=\"https:\/\/tvtecjundiai.com.br\/news\/wp-content\/uploads\/sites\/2\/2019\/03\/manh\u00e3-jundiai-300x173.jpg\" alt=\"\" width=\"505\" height=\"291\" srcset=\"https:\/\/tvtecjundiai.com.br\/news\/wp-content\/uploads\/sites\/2\/2019\/03\/manh\u00e3-jundiai-300x173.jpg 300w, https:\/\/tvtecjundiai.com.br\/news\/wp-content\/uploads\/sites\/2\/2019\/03\/manh\u00e3-jundiai.jpg 634w\" sizes=\"auto, (max-width: 505px) 100vw, 505px\" \/><\/a><\/p>\n<p>N\u00e3o h\u00e1 nenhum sistema meteorol\u00f3gico influenciando diretamente o tempo no estado de S\u00e3o Paulo e as nuvens de chuva s\u00e3o resultado apenas do aquecimento e da umidade dispon\u00edvel na atmosfera.\u00a0<strong>As pancadas de chuva s\u00e3o t\u00edpicas de ver\u00e3o, em forma de temporais. Retornam entre \u00e0 tarde e a noite\u00a0<\/strong>em todo o interior e no litoral. \u00c9 a tend\u00eancia para os pr\u00f3ximos dias: pancadas de chuva sobre o estado de S\u00e3o Paulo, inclusive na capital, mas o sol predomina.<\/p>\n<p><em>(Fonte: Climatempo)<\/em><\/p>\n<p><em>(Imagem: TVTEC)<\/em><\/p>\n","protected":false},"excerpt":{"rendered":"<p>Pancadas de chuva retornam forte como temporais em alguns pontos <\/p>\n","protected":false},"author":8,"featured_media":26580,"comment_status":"closed","ping_status":"closed","sticky":false,"template":"","format":"standard","meta":{"footnotes":""},"categories":[2834,3185,29,4665,1],"tags":[4904,4970],"class_list":["post-26577","post","type-post","status-publish","format-standard","has-post-thumbnail","hentry","category-cidades","category-clima","category-destaque","category-internacional","category-noticias","tag-clima-em-jundiai","tag-meteorologia"],"_links":{"self":[{"href":"https:\/\/tvtecjundiai.com.br\/news\/wp-json\/wp\/v2\/posts\/26577","targetHints":{"allow":["GET"]}}],"collection":[{"href":"https:\/\/tvtecjundiai.com.br\/news\/wp-json\/wp\/v2\/posts"}],"about":[{"href":"https:\/\/tvtecjundiai.com.br\/news\/wp-json\/wp\/v2\/types\/post"}],"author":[{"embeddable":true,"href":"https:\/\/tvtecjundiai.com.br\/news\/wp-json\/wp\/v2\/users\/8"}],"replies":[{"embeddable":true,"href":"https:\/\/tvtecjundiai.com.br\/news\/wp-json\/wp\/v2\/comments?post=26577"}],"version-history":[{"count":4,"href":"https:\/\/tvtecjundiai.com.br\/news\/wp-json\/wp\/v2\/posts\/26577\/revisions"}],"predecessor-version":[{"id":26586,"href":"https:\/\/tvtecjundiai.com.br\/news\/wp-json\/wp\/v2\/posts\/26577\/revisions\/26586"}],"wp:featuredmedia":[{"embeddable":true,"href":"https:\/\/tvtecjundiai.com.br\/news\/wp-json\/wp\/v2\/media\/26580"}],"wp:attachment":[{"href":"https:\/\/tvtecjundiai.com.br\/news\/wp-json\/wp\/v2\/media?parent=26577"}],"wp:term":[{"taxonomy":"category","embeddable":true,"href":"https:\/\/tvtecjundiai.com.br\/news\/wp-json\/wp\/v2\/categories?post=26577"},{"taxonomy":"post_tag","embeddable":true,"href":"https:\/\/tvtecjundiai.com.br\/news\/wp-json\/wp\/v2\/tags?post=26577"}],"curies":[{"name":"wp","href":"https:\/\/api.w.org\/{rel}","templated":true}]}}