{"id":27038,"date":"2019-03-13T19:13:09","date_gmt":"2019-03-13T22:13:09","guid":{"rendered":"https:\/\/tvtecjundiai.com.br\/news\/?p=27038"},"modified":"2019-03-13T19:13:09","modified_gmt":"2019-03-13T22:13:09","slug":"dia-17-tem-a-volta-do-domingo-no-parque-no-parque-da-uva","status":"publish","type":"post","link":"https:\/\/tvtecjundiai.com.br\/news\/2019\/03\/13\/dia-17-tem-a-volta-do-domingo-no-parque-no-parque-da-uva\/","title":{"rendered":"Dia 17 tem a volta do Domingo no Parque no Parque da Uva"},"content":{"rendered":"<p>O Parque da Uva recebe no dia 17 a primeira edi\u00e7\u00e3o do\u00a0<a href=\"https:\/\/www.facebook.com\/events\/2244887879061836\/\" target=\"_blank\" rel=\"noopener noreferrer\">Domingo no Parque em 2019<\/a>. O evento, que vai das 9h \u00e0s 17h, re\u00fane atra\u00e7\u00f5es culturais gratuitas, servi\u00e7os e diversas op\u00e7\u00f5es gastron\u00f4micas e quem for ao parque de \u00f4nibus ir\u00e1 pagar somente R$ 1 pela passagem, j\u00e1 que no dia estar\u00e1 em vig\u00eancia a Tarifa Social.<\/p>\n<div id=\"attachment_27039\" style=\"width: 510px\" class=\"wp-caption alignright\"><a href=\"https:\/\/tvtecjundiai.com.br\/news\/wp-content\/uploads\/sites\/2\/2019\/03\/domingo-no-parque-da-uva_c_-21.jpg\"><img loading=\"lazy\" decoding=\"async\" aria-describedby=\"caption-attachment-27039\" class=\"wp-image-27039\" src=\"https:\/\/tvtecjundiai.com.br\/news\/wp-content\/uploads\/sites\/2\/2019\/03\/domingo-no-parque-da-uva_c_-21-300x200.jpg\" alt=\"\" width=\"500\" height=\"333\" srcset=\"https:\/\/tvtecjundiai.com.br\/news\/wp-content\/uploads\/sites\/2\/2019\/03\/domingo-no-parque-da-uva_c_-21-300x200.jpg 300w, https:\/\/tvtecjundiai.com.br\/news\/wp-content\/uploads\/sites\/2\/2019\/03\/domingo-no-parque-da-uva_c_-21-768x512.jpg 768w, https:\/\/tvtecjundiai.com.br\/news\/wp-content\/uploads\/sites\/2\/2019\/03\/domingo-no-parque-da-uva_c_-21-1200x800.jpg 1200w, https:\/\/tvtecjundiai.com.br\/news\/wp-content\/uploads\/sites\/2\/2019\/03\/domingo-no-parque-da-uva_c_-21.jpg 1280w\" sizes=\"auto, (max-width: 500px) 100vw, 500px\" \/><\/a><p id=\"caption-attachment-27039\" class=\"wp-caption-text\">Como j\u00e1 \u00e9 de costume, anima\u00e7\u00e3o do domingo come\u00e7a com o Agita Jundia\u00ed<\/p><\/div>\n<p>A programa\u00e7\u00e3o j\u00e1 come\u00e7a animada com o Agita Jundia\u00ed com zumba a partir das 9h30, promovido pela Unidade de Gest\u00e3o de Esporte e Lazer (UGEL). Ainda no palco principal, as atra\u00e7\u00f5es seguem \u00e0s 11h, com a interven\u00e7\u00e3o infantil do Grupo Komedi, que tamb\u00e9m volta a se apresentar para a crian\u00e7ada \u00e0s 15h, desta vez no palco Coreto 2.<\/p>\n<p>J\u00e1 a m\u00fasica tem in\u00edcio \u00e0s 13h30 com a apresenta\u00e7\u00e3o da Banda La Plata no palco principal, que traz em seu repert\u00f3rio o melhor do Pop Rock nacional da d\u00e9cada de 1990 at\u00e9 os anos 2000. J\u00e1 \u00e0s 15h30 ser\u00e1 a vez da Banda Mais do Mesmo, que sobe ao palco para prestar homenagem \u00e0 banda Legi\u00e3o Urbana, um dos maiores expoentes do Rock nacional, com os seus mais memor\u00e1veis sucessos.<\/p>\n<p>Para a crian\u00e7ada, est\u00e3o tamb\u00e9m garantidas as interven\u00e7\u00f5es art\u00edsticas e l\u00fadicas do grupo Amorah por todo o parque, al\u00e9m dos brinquedos infl\u00e1veis no pavilh\u00e3o principal, as atividades voltadas \u00e0 Primeir\u00edssima Inf\u00e2ncia no Coreto.<\/p>\n<p>Para quem for de carro poder\u00e1 estacionar gratuitamente no parque pela entrada lateral da rua Dona Manoela Lacerda de Vergueiro. O parque conta tamb\u00e9m com a rede de internet gratuita Conect@do, disponibilizada pela Companhia de Inform\u00e1tica de Jundia\u00ed (Cijun) e s\u00e3o tamb\u00e9m s\u00e3o bem-vindos c\u00e3es de pequeno porte com coleiras.<\/p>\n<p>O Domingo no Parque \u00e9 uma realiza\u00e7\u00e3o da Unidade de Gest\u00e3o de Cultura (UGC), em parceria com as Unidades de Gest\u00e3o de Agroneg\u00f3cio, Abastecimento e Turismo (UGAAT) e de Esporte e Lazer (UGEL), TVTEC e apoio do Procon Jundia\u00ed.<\/p>\n<p><em>(Prefeitura de Jundia\u00ed)<\/em><\/p>\n","protected":false},"excerpt":{"rendered":"<p>Evento vai das 9h \u00e0s 17h e re\u00fane atra\u00e7\u00f5es culturais gratuitas<\/p>\n","protected":false},"author":10,"featured_media":27040,"comment_status":"closed","ping_status":"closed","sticky":false,"template":"","format":"standard","meta":{"footnotes":""},"categories":[2834,2833,29],"tags":[],"class_list":["post-27038","post","type-post","status-publish","format-standard","has-post-thumbnail","hentry","category-cidades","category-cultura","category-destaque"],"_links":{"self":[{"href":"https:\/\/tvtecjundiai.com.br\/news\/wp-json\/wp\/v2\/posts\/27038","targetHints":{"allow":["GET"]}}],"collection":[{"href":"https:\/\/tvtecjundiai.com.br\/news\/wp-json\/wp\/v2\/posts"}],"about":[{"href":"https:\/\/tvtecjundiai.com.br\/news\/wp-json\/wp\/v2\/types\/post"}],"author":[{"embeddable":true,"href":"https:\/\/tvtecjundiai.com.br\/news\/wp-json\/wp\/v2\/users\/10"}],"replies":[{"embeddable":true,"href":"https:\/\/tvtecjundiai.com.br\/news\/wp-json\/wp\/v2\/comments?post=27038"}],"version-history":[{"count":1,"href":"https:\/\/tvtecjundiai.com.br\/news\/wp-json\/wp\/v2\/posts\/27038\/revisions"}],"predecessor-version":[{"id":27041,"href":"https:\/\/tvtecjundiai.com.br\/news\/wp-json\/wp\/v2\/posts\/27038\/revisions\/27041"}],"wp:featuredmedia":[{"embeddable":true,"href":"https:\/\/tvtecjundiai.com.br\/news\/wp-json\/wp\/v2\/media\/27040"}],"wp:attachment":[{"href":"https:\/\/tvtecjundiai.com.br\/news\/wp-json\/wp\/v2\/media?parent=27038"}],"wp:term":[{"taxonomy":"category","embeddable":true,"href":"https:\/\/tvtecjundiai.com.br\/news\/wp-json\/wp\/v2\/categories?post=27038"},{"taxonomy":"post_tag","embeddable":true,"href":"https:\/\/tvtecjundiai.com.br\/news\/wp-json\/wp\/v2\/tags?post=27038"}],"curies":[{"name":"wp","href":"https:\/\/api.w.org\/{rel}","templated":true}]}}