{"id":27042,"date":"2019-03-13T19:25:03","date_gmt":"2019-03-13T22:25:03","guid":{"rendered":"https:\/\/tvtecjundiai.com.br\/news\/?p=27042"},"modified":"2019-03-13T19:34:18","modified_gmt":"2019-03-13T22:34:18","slug":"sandy-e-junior-anunciam-turne-para-celebrar-os-30-anos-da-dupla-1","status":"publish","type":"post","link":"https:\/\/tvtecjundiai.com.br\/news\/2019\/03\/13\/sandy-e-junior-anunciam-turne-para-celebrar-os-30-anos-da-dupla-1\/","title":{"rendered":"Sandy e Junior anunciam turn\u00ea para celebrar os 30 anos da dupla"},"content":{"rendered":"<p>Sandy e Junior anunciaram nesta quarta-feira (13) que v\u00e3o se reunir para a turn\u00ea &#8220;Nossa Hist\u00f3ria&#8221; em comemora\u00e7\u00e3o aos 30 anos da dupla. Entre julho e setembro eles passar\u00e3o por dez capitais.<\/p>\n<div id=\"attachment_27046\" style=\"width: 460px\" class=\"wp-caption alignright\"><a href=\"https:\/\/tvtecjundiai.com.br\/news\/wp-content\/uploads\/sites\/2\/2019\/03\/sandy-e-junior-2.png\"><img loading=\"lazy\" decoding=\"async\" aria-describedby=\"caption-attachment-27046\" class=\"wp-image-27046\" src=\"https:\/\/tvtecjundiai.com.br\/news\/wp-content\/uploads\/sites\/2\/2019\/03\/sandy-e-junior-2-300x187.png\" alt=\"\" width=\"450\" height=\"281\" srcset=\"https:\/\/tvtecjundiai.com.br\/news\/wp-content\/uploads\/sites\/2\/2019\/03\/sandy-e-junior-2-300x187.png 300w, https:\/\/tvtecjundiai.com.br\/news\/wp-content\/uploads\/sites\/2\/2019\/03\/sandy-e-junior-2-768x480.png 768w, https:\/\/tvtecjundiai.com.br\/news\/wp-content\/uploads\/sites\/2\/2019\/03\/sandy-e-junior-2.png 791w\" sizes=\"auto, (max-width: 450px) 100vw, 450px\" \/><\/a><p id=\"caption-attachment-27046\" class=\"wp-caption-text\">Entre julho e setembro eles passar\u00e3o por dez capitais<\/p><\/div>\n<p>Os ingressos come\u00e7am a ser vendidos no dia 22 de mar\u00e7o, a partir de 0h01 pelo site da Ingresso R\u00e1pido, e a partir das 10h nas bilheterias oficiais. Clientes do cart\u00e3o Elo ter\u00e3o acesso \u00e0 pr\u00e9-venda nos dias 20 e 21 de mar\u00e7o.<\/p>\n<p>Em encontro com jornalistas e influencers em S\u00e3o Paulo, no Allianz Parque, Junior disse que \u00e9 &#8220;uma turn\u00ea pontual&#8221; e que n\u00e3o haver\u00e1 m\u00fasicas da carreira solo dos dois, apenas can\u00e7\u00f5es da dupla Sandy &amp; Junior.<\/p>\n<p>&#8220;A gente n\u00e3o pretende gravar m\u00fasica nova e vamos revisitar o repert\u00f3rio antigo&#8221;, afirmou Sandy, dizendo que eles &#8220;stalkearam&#8221; os f\u00e3s para saber o que estavam ouvindo.<\/p>\n<p>Para deixar claro de que n\u00e3o \u00e9 um retorno da dupla, apenas uma celebra\u00e7\u00e3o, eles n\u00e3o usar\u00e3o o &#8220;&amp;&#8221; que ligava o nome da dupla, e sim dois tri\u00e2ngulos sobrepostos. &#8220;O &#8216;&amp;&#8217; saiu porque somos artistas individuais que estamos nos reencontrando, mas ainda somos irm\u00e3os&#8221;, disse Junior, completando: &#8220;Sandy &amp; J\u00fanior n\u00e3o est\u00e1 de volta, \u00e9 s\u00f3 uma tour&#8221;.<\/p>\n<p>Os irm\u00e3os tamb\u00e9m negaram os rumores de que se apresentar\u00e3o no Rock in Rio deste ano. &#8220;Isso foi uma especula\u00e7\u00e3o&#8221;, disse Junior. &#8220;A gente n\u00e3o estar\u00e1 no Rock in Rio&#8221;, completou Sandy. Eles tamb\u00e9m n\u00e3o pretendem lan\u00e7ar DVD desta turn\u00ea.<\/p>\n<p>&#8220;O show vai ser totalmente novo, mas a refer\u00eancia \u00e9 a turn\u00ea &#8216;Quatro Esta\u00e7\u00f5es&#8217; e o show do Maracan\u00e3&#8221;, disse o diretor da turn\u00ea Raoni Carneiro.<\/p>\n<p>As datas dos shows s\u00e3o:<\/p>\n<ul>\n<li>Recife: 12 de julho, Recife Classic Hall<\/li>\n<li>Salvador: 13 de julho, Arena Fonte Nova<\/li>\n<li>Fortaleza: 19 de julho, Centro de Conven\u00e7\u00f5es<\/li>\n<li>Bras\u00edlia: 20 de julho, Est\u00e1dio Nilson Nelson<\/li>\n<li>Rio de Janeiro: 3 de agosto, Jeunesse Arena<\/li>\n<li>Belo Horizonte: 17 de agosto, Est\u00e1dio do Mineirinho<\/li>\n<li>S\u00e3o Paulo: 24 de agosto, Allianz Parque<\/li>\n<li>Curitiba: 31 de agosto, Pedreira Paulo Leminski<\/li>\n<li>Manaus: 13 de setembro, Est\u00fadio 5<\/li>\n<li>Bel\u00e9m: 14 de setembro, Hangar<\/li>\n<\/ul>\n<p><em>(Uol; Imagem: Marina Pekin)<\/em><\/p>\n","protected":false},"excerpt":{"rendered":"<p>Entre julho e setembro eles passar\u00e3o por dez capitais; Ingressos come\u00e7am a ser vendidos em 22 de mar\u00e7o<\/p>\n","protected":false},"author":10,"featured_media":27046,"comment_status":"closed","ping_status":"closed","sticky":false,"template":"","format":"standard","meta":{"footnotes":""},"categories":[2833,3076],"tags":[],"class_list":["post-27042","post","type-post","status-publish","format-standard","has-post-thumbnail","hentry","category-cultura","category-entretenimento"],"_links":{"self":[{"href":"https:\/\/tvtecjundiai.com.br\/news\/wp-json\/wp\/v2\/posts\/27042","targetHints":{"allow":["GET"]}}],"collection":[{"href":"https:\/\/tvtecjundiai.com.br\/news\/wp-json\/wp\/v2\/posts"}],"about":[{"href":"https:\/\/tvtecjundiai.com.br\/news\/wp-json\/wp\/v2\/types\/post"}],"author":[{"embeddable":true,"href":"https:\/\/tvtecjundiai.com.br\/news\/wp-json\/wp\/v2\/users\/10"}],"replies":[{"embeddable":true,"href":"https:\/\/tvtecjundiai.com.br\/news\/wp-json\/wp\/v2\/comments?post=27042"}],"version-history":[{"count":3,"href":"https:\/\/tvtecjundiai.com.br\/news\/wp-json\/wp\/v2\/posts\/27042\/revisions"}],"predecessor-version":[{"id":27047,"href":"https:\/\/tvtecjundiai.com.br\/news\/wp-json\/wp\/v2\/posts\/27042\/revisions\/27047"}],"wp:featuredmedia":[{"embeddable":true,"href":"https:\/\/tvtecjundiai.com.br\/news\/wp-json\/wp\/v2\/media\/27046"}],"wp:attachment":[{"href":"https:\/\/tvtecjundiai.com.br\/news\/wp-json\/wp\/v2\/media?parent=27042"}],"wp:term":[{"taxonomy":"category","embeddable":true,"href":"https:\/\/tvtecjundiai.com.br\/news\/wp-json\/wp\/v2\/categories?post=27042"},{"taxonomy":"post_tag","embeddable":true,"href":"https:\/\/tvtecjundiai.com.br\/news\/wp-json\/wp\/v2\/tags?post=27042"}],"curies":[{"name":"wp","href":"https:\/\/api.w.org\/{rel}","templated":true}]}}