{"id":271,"date":"2017-09-01T14:56:40","date_gmt":"2017-09-01T17:56:40","guid":{"rendered":"https:\/\/tvtecjundiai.com.br\/news\/?p=271"},"modified":"2017-09-01T16:40:24","modified_gmt":"2017-09-01T19:40:24","slug":"saude-especialistas-tentam-decifrar-o-suicidio-em-evento","status":"publish","type":"post","link":"https:\/\/tvtecjundiai.com.br\/news\/2017\/09\/01\/saude-especialistas-tentam-decifrar-o-suicidio-em-evento\/","title":{"rendered":"Sa\u00fade: especialistas tentam decifrar o suic\u00eddio em evento hist\u00f3rico"},"content":{"rendered":"<p>Durante o 2\u00ba Encontro de Valoriza\u00e7\u00e3o da Vida \u2013 Suic\u00eddio: Epidemia Calada, especialistas contribu\u00edram com informa\u00e7\u00f5es preciosas e experi\u00eancias de trabalho \u2013 e de vida \u2013 ao lidarem diretamente com o suic\u00eddio. Leia abaixo algumas frases que marcaram o evento, no \u00faltimo dia 31 de agosto, no Teatro Polytheama e que foram ditas para um p\u00fablico presente de mais de 1200 pessoas.<\/p>\n<p>&nbsp;<\/p>\n<p><a href=\"https:\/\/tvtecjundiai.com.br\/news\/wp-content\/uploads\/sites\/2\/2017\/09\/SUICIDIO_LUIZ-FERNANDO_01.png\"><img loading=\"lazy\" decoding=\"async\" class=\"alignright size-medium wp-image-276\" src=\"https:\/\/tvtecjundiai.com.br\/news\/wp-content\/uploads\/sites\/2\/2017\/09\/SUICIDIO_LUIZ-FERNANDO_01-300x200.png\" alt=\"\" width=\"300\" height=\"200\" srcset=\"https:\/\/tvtecjundiai.com.br\/news\/wp-content\/uploads\/sites\/2\/2017\/09\/SUICIDIO_LUIZ-FERNANDO_01-300x200.png 300w, https:\/\/tvtecjundiai.com.br\/news\/wp-content\/uploads\/sites\/2\/2017\/09\/SUICIDIO_LUIZ-FERNANDO_01.png 720w\" sizes=\"auto, (max-width: 300px) 100vw, 300px\" \/><\/a><\/p>\n<blockquote>\n<h3>O que fizemos aqui hoje vai ecoar pela cidade. O Polytheama ficou pequeno.<\/h3>\n<h3>Daqui sair\u00e3o a\u00e7\u00f5es para ajudar na sa\u00fade e agir na vida das pessoas. Queremos salvar vidas.<\/h3>\n<\/blockquote>\n<p style=\"text-align: right;\">Luiz Fernando Machado, prefeito de Jundia\u00ed<\/p>\n<p>&nbsp;<\/p>\n<p>&nbsp;<\/p>\n<p><a href=\"https:\/\/tvtecjundiai.com.br\/news\/wp-content\/uploads\/sites\/2\/2017\/09\/SUICIDIO_ALEXANDRE-MORENO_02.png\"><img loading=\"lazy\" decoding=\"async\" class=\"size-medium wp-image-272 alignleft\" src=\"https:\/\/tvtecjundiai.com.br\/news\/wp-content\/uploads\/sites\/2\/2017\/09\/SUICIDIO_ALEXANDRE-MORENO_02-300x200.png\" alt=\"\" width=\"300\" height=\"200\" srcset=\"https:\/\/tvtecjundiai.com.br\/news\/wp-content\/uploads\/sites\/2\/2017\/09\/SUICIDIO_ALEXANDRE-MORENO_02-300x200.png 300w, https:\/\/tvtecjundiai.com.br\/news\/wp-content\/uploads\/sites\/2\/2017\/09\/SUICIDIO_ALEXANDRE-MORENO_02.png 720w\" sizes=\"auto, (max-width: 300px) 100vw, 300px\" \/><\/a><\/p>\n<blockquote>\n<h3>O que estamos fazendo hoje, o que estamos nos propondo a fazer daqui em diante, \u00e9 olhar o problema de frente. Falar sobre, pensar sobre, sem hesita\u00e7\u00e3o, vergonha ou medo.<\/h3>\n<\/blockquote>\n<p style=\"text-align: left;\">Alexandre Moreno Sandri, psic\u00f3logo e mestre em psicologia cl\u00ednica<\/p>\n<p>&nbsp;<\/p>\n<p>&nbsp;<\/p>\n<p>&nbsp;<\/p>\n<p><a href=\"https:\/\/tvtecjundiai.com.br\/news\/wp-content\/uploads\/sites\/2\/2017\/09\/SUICIDIO_CLARA-MAGALHAES.png\"><img loading=\"lazy\" decoding=\"async\" class=\"alignright size-medium wp-image-273\" src=\"https:\/\/tvtecjundiai.com.br\/news\/wp-content\/uploads\/sites\/2\/2017\/09\/SUICIDIO_CLARA-MAGALHAES-300x200.png\" alt=\"\" width=\"300\" height=\"200\" srcset=\"https:\/\/tvtecjundiai.com.br\/news\/wp-content\/uploads\/sites\/2\/2017\/09\/SUICIDIO_CLARA-MAGALHAES-300x200.png 300w, https:\/\/tvtecjundiai.com.br\/news\/wp-content\/uploads\/sites\/2\/2017\/09\/SUICIDIO_CLARA-MAGALHAES.png 720w\" sizes=\"auto, (max-width: 300px) 100vw, 300px\" \/><\/a><\/p>\n<blockquote>\n<h3>Muito mais do que falar, do que repreender, do que dizer o que a gente acha certo, \u00e9 ouvir o que o outro tem para falar.<\/h3>\n<\/blockquote>\n<p style=\"text-align: right;\">Clara Magalh\u00e3es, professora do Centro Paula Souza<\/p>\n<p>&nbsp;<\/p>\n<p>&nbsp;<\/p>\n<p>&nbsp;<\/p>\n<p><a href=\"https:\/\/tvtecjundiai.com.br\/news\/wp-content\/uploads\/sites\/2\/2017\/09\/SUICIDIO_HELOISA-GAMA.png\"><img loading=\"lazy\" decoding=\"async\" class=\"size-medium wp-image-275 alignleft\" src=\"https:\/\/tvtecjundiai.com.br\/news\/wp-content\/uploads\/sites\/2\/2017\/09\/SUICIDIO_HELOISA-GAMA-300x200.png\" alt=\"\" width=\"300\" height=\"200\" srcset=\"https:\/\/tvtecjundiai.com.br\/news\/wp-content\/uploads\/sites\/2\/2017\/09\/SUICIDIO_HELOISA-GAMA-300x200.png 300w, https:\/\/tvtecjundiai.com.br\/news\/wp-content\/uploads\/sites\/2\/2017\/09\/SUICIDIO_HELOISA-GAMA.png 720w\" sizes=\"auto, (max-width: 300px) 100vw, 300px\" \/><\/a><\/p>\n<blockquote>\n<h3>A sociedade est\u00e1 preparada para viver a heteronormatividade, para viver uma situa\u00e7\u00e3o de heterossexualidade das pessoas. N\u00e3o est\u00e1 preparada para as diferen\u00e7as, n\u00e3o est\u00e1 preparada para as orienta\u00e7\u00f5es sexuais diferentes (&#8230;). N\u00e3o est\u00e1 preparada, muito mais ainda, para a quest\u00e3o da identidade de g\u00eanero.<\/h3>\n<h3>Quanto maior for a avers\u00e3o, o preconceito [ao p\u00fablico LGBT], a taxa de suic\u00eddio acaba por aumentar.<\/h3>\n<\/blockquote>\n<p style=\"text-align: right;\">Helo\u00edsa Gama Alves, jornalista e assessora da Secretaria de Desenvolvimento Social do Governo de S\u00e3o Paulo<\/p>\n<p>&nbsp;<\/p>\n<p><a href=\"https:\/\/tvtecjundiai.com.br\/news\/wp-content\/uploads\/sites\/2\/2017\/09\/SUICIDIO_MAJOR-HUGO_01.png\"><img loading=\"lazy\" decoding=\"async\" class=\"alignright size-medium wp-image-277\" src=\"https:\/\/tvtecjundiai.com.br\/news\/wp-content\/uploads\/sites\/2\/2017\/09\/SUICIDIO_MAJOR-HUGO_01-300x200.png\" alt=\"\" width=\"300\" height=\"200\" srcset=\"https:\/\/tvtecjundiai.com.br\/news\/wp-content\/uploads\/sites\/2\/2017\/09\/SUICIDIO_MAJOR-HUGO_01-300x200.png 300w, https:\/\/tvtecjundiai.com.br\/news\/wp-content\/uploads\/sites\/2\/2017\/09\/SUICIDIO_MAJOR-HUGO_01.png 720w\" sizes=\"auto, (max-width: 300px) 100vw, 300px\" \/><\/a><\/p>\n<blockquote>\n<h3>Temos uma t\u00e9cnica derivada do FBI chamada &#8220;escuta ativa&#8221; e essa t\u00e9cnica nos torna profissionais de ouvir. N\u00f3s n\u00e3o precisamos falar muito. Temos que saber ouvir.<\/h3>\n<h3>Nunca vi tantas pessoas em um evento que trata de um tema t\u00e3o negativo.<\/h3>\n<\/blockquote>\n<p style=\"text-align: right;\">Hugo Ara\u00fajo Dias, major da Pol\u00edcia Militar<\/p>\n<p>&nbsp;<\/p>\n<p><a href=\"https:\/\/tvtecjundiai.com.br\/news\/wp-content\/uploads\/sites\/2\/2017\/09\/SUICIDIO_MARIA-CRISTINA.png\"><img loading=\"lazy\" decoding=\"async\" class=\"size-medium wp-image-278 alignleft\" src=\"https:\/\/tvtecjundiai.com.br\/news\/wp-content\/uploads\/sites\/2\/2017\/09\/SUICIDIO_MARIA-CRISTINA-300x200.png\" alt=\"\" width=\"300\" height=\"200\" srcset=\"https:\/\/tvtecjundiai.com.br\/news\/wp-content\/uploads\/sites\/2\/2017\/09\/SUICIDIO_MARIA-CRISTINA-300x200.png 300w, https:\/\/tvtecjundiai.com.br\/news\/wp-content\/uploads\/sites\/2\/2017\/09\/SUICIDIO_MARIA-CRISTINA.png 720w\" sizes=\"auto, (max-width: 300px) 100vw, 300px\" \/><\/a><\/p>\n<blockquote>\n<h3>Fui tomada por uma obsess\u00e3o para descobrir tudo relacionado ao suic\u00eddio. Descobri at\u00e9 que existe uma especialidade, que \u00e9 a suicidologia, e nas minhas pesquisas identifiquei que o suic\u00eddio \u00e9 hoje uma epidemia calada. O suicida se cala, a fam\u00edlia se cala, os m\u00e9dicos se calam, os servi\u00e7os de apoio se calam, a m\u00eddia se omite de divulgar riscos e sua preven\u00e7\u00e3o. Qual a causa desse mutismo seletivo? Estigmas, preconceitos, constrangimentos, discrimina\u00e7\u00e3o contra o suicida e o homicida de si mesmo.<\/h3>\n<\/blockquote>\n<p style=\"text-align: left;\">Maria Cristina Ramos Stefano, psiquiatra e autora do livro \u201cSuic\u00eddio: Epidemia Calada\u201d<\/p>\n<p>&nbsp;<\/p>\n<p><a href=\"https:\/\/tvtecjundiai.com.br\/news\/wp-content\/uploads\/sites\/2\/2017\/09\/SUICIDIO_SERGIO-ANTONIO.png\"><img loading=\"lazy\" decoding=\"async\" class=\"alignright size-medium wp-image-280\" src=\"https:\/\/tvtecjundiai.com.br\/news\/wp-content\/uploads\/sites\/2\/2017\/09\/SUICIDIO_SERGIO-ANTONIO-300x200.png\" alt=\"\" width=\"300\" height=\"200\" srcset=\"https:\/\/tvtecjundiai.com.br\/news\/wp-content\/uploads\/sites\/2\/2017\/09\/SUICIDIO_SERGIO-ANTONIO-300x200.png 300w, https:\/\/tvtecjundiai.com.br\/news\/wp-content\/uploads\/sites\/2\/2017\/09\/SUICIDIO_SERGIO-ANTONIO.png 720w\" sizes=\"auto, (max-width: 300px) 100vw, 300px\" \/><\/a><\/p>\n<blockquote>\n<h3>Quem \u00e9 essa pessoa que pensa em suic\u00eddio? Quem \u00e9 essa pessoa \u00e0s vezes t\u00e3o pr\u00f3xima e t\u00e3o distante da gente que pensa em desistir da vida? Que pensa em escolher um caminho que n\u00e3o \u00e9 a vida em sua plenitude? (&#8230;) O sentimento que me toca muito \u00e9 o sentimento de ambival\u00eancia: ao mesmo tempo em que temos um instinto de preserva\u00e7\u00e3o, que nos faz levantar, caminhar todos os dias, existe uma for\u00e7a contr\u00e1ria que sufoca todo esse sentimento. \u00c9 uma luta interior muito intensa, que consome muita energia.<\/h3>\n<\/blockquote>\n<p style=\"text-align: left;\">S\u00e9rgio Ant\u00f4nio Batista, coordenador regional do CVV<\/p>\n<p>&nbsp;<\/p>\n<p><a href=\"https:\/\/tvtecjundiai.com.br\/news\/wp-content\/uploads\/sites\/2\/2017\/09\/SUICIDIO_FERNANDO-FERNANDES.png\"><img loading=\"lazy\" decoding=\"async\" class=\"size-medium wp-image-274 alignleft\" src=\"https:\/\/tvtecjundiai.com.br\/news\/wp-content\/uploads\/sites\/2\/2017\/09\/SUICIDIO_FERNANDO-FERNANDES-300x200.png\" alt=\"\" width=\"300\" height=\"200\" srcset=\"https:\/\/tvtecjundiai.com.br\/news\/wp-content\/uploads\/sites\/2\/2017\/09\/SUICIDIO_FERNANDO-FERNANDES-300x200.png 300w, https:\/\/tvtecjundiai.com.br\/news\/wp-content\/uploads\/sites\/2\/2017\/09\/SUICIDIO_FERNANDO-FERNANDES.png 720w\" sizes=\"auto, (max-width: 300px) 100vw, 300px\" \/><\/a><\/p>\n<blockquote>\n<h3 style=\"text-align: left;\">Se n\u00e3o divulgarmos informa\u00e7\u00e3o de sa\u00fade, que leve a popula\u00e7\u00e3o a reconhecer essas pessoas em risco, n\u00f3s estaremos lutando contra um inimigo desconhecido. N\u00f3s estamos lutando contra um inimigo e se a gente n\u00e3o conhecer as estrat\u00e9gias, n\u00e3o conheceremos como esse inimigo age.<\/h3>\n<\/blockquote>\n<p style=\"text-align: left;\">Fernando Fernandes, m\u00e9dico psiquiatra<\/p>\n<p>&nbsp;<\/p>\n<p><strong>LEIA TAMB\u00c9M:<br \/>\n<a href=\"https:\/\/tvtecjundiai.com.br\/news\/2017\/08\/31\/polytheama-suicidio\/\" target=\"_blank\" rel=\"noopener\">Sa\u00fade: Polytheama recebe 1,2 mil pessoas para discutir suic\u00eddio<\/a><br \/>\n<a href=\"https:\/\/tvtecjundiai.com.br\/news\/2017\/08\/31\/publico-busca-respostas-no-2o-econtro-de-valorizacao-da-vida\/\" target=\"_blank\" rel=\"noopener\">Sa\u00fade: p\u00fablico busca respostas no 2\u00ba Encontro de Valoriza\u00e7\u00e3o da Vida<\/a><\/strong><\/p>\n<p><strong><a href=\"https:\/\/tvtecjundiai.com.br\/news\/2017\/08\/31\/encontro-suicidio-aovivo\/\" target=\"_blank\" rel=\"noopener\">ASSISTA AQUI O EVENTO COMPLETO<\/a><\/strong><\/p>\n","protected":false},"excerpt":{"rendered":"<p>Para os convidados, problema deve ser encarado de frente, sem preconceitos<\/p>\n","protected":false},"author":6,"featured_media":291,"comment_status":"closed","ping_status":"closed","sticky":false,"template":"","format":"standard","meta":{"footnotes":""},"categories":[29,1],"tags":[117,13,118,20,9,10],"class_list":["post-271","post","type-post","status-publish","format-standard","has-post-thumbnail","hentry","category-destaque","category-noticias","tag-2o-encontro-de-valorizacao-da-vida-suicidio-epidemia-calada","tag-centro-paula-souza","tag-epidemia-calada","tag-luiz-fernando-machado","tag-suicidio","tag-teatro-polytheama"],"_links":{"self":[{"href":"https:\/\/tvtecjundiai.com.br\/news\/wp-json\/wp\/v2\/posts\/271","targetHints":{"allow":["GET"]}}],"collection":[{"href":"https:\/\/tvtecjundiai.com.br\/news\/wp-json\/wp\/v2\/posts"}],"about":[{"href":"https:\/\/tvtecjundiai.com.br\/news\/wp-json\/wp\/v2\/types\/post"}],"author":[{"embeddable":true,"href":"https:\/\/tvtecjundiai.com.br\/news\/wp-json\/wp\/v2\/users\/6"}],"replies":[{"embeddable":true,"href":"https:\/\/tvtecjundiai.com.br\/news\/wp-json\/wp\/v2\/comments?post=271"}],"version-history":[{"count":13,"href":"https:\/\/tvtecjundiai.com.br\/news\/wp-json\/wp\/v2\/posts\/271\/revisions"}],"predecessor-version":[{"id":297,"href":"https:\/\/tvtecjundiai.com.br\/news\/wp-json\/wp\/v2\/posts\/271\/revisions\/297"}],"wp:featuredmedia":[{"embeddable":true,"href":"https:\/\/tvtecjundiai.com.br\/news\/wp-json\/wp\/v2\/media\/291"}],"wp:attachment":[{"href":"https:\/\/tvtecjundiai.com.br\/news\/wp-json\/wp\/v2\/media?parent=271"}],"wp:term":[{"taxonomy":"category","embeddable":true,"href":"https:\/\/tvtecjundiai.com.br\/news\/wp-json\/wp\/v2\/categories?post=271"},{"taxonomy":"post_tag","embeddable":true,"href":"https:\/\/tvtecjundiai.com.br\/news\/wp-json\/wp\/v2\/tags?post=271"}],"curies":[{"name":"wp","href":"https:\/\/api.w.org\/{rel}","templated":true}]}}