{"id":27129,"date":"2019-03-15T17:34:03","date_gmt":"2019-03-15T20:34:03","guid":{"rendered":"https:\/\/tvtecjundiai.com.br\/news\/?p=27129"},"modified":"2019-03-15T18:36:56","modified_gmt":"2019-03-15T21:36:56","slug":"mae-de-jundiai-deixa-mensagens-nos-lapis-de-cor-da-filha-e-acao-pode-virar-projeto-em-emeb-de-jundiai","status":"publish","type":"post","link":"https:\/\/tvtecjundiai.com.br\/news\/2019\/03\/15\/mae-de-jundiai-deixa-mensagens-nos-lapis-de-cor-da-filha-e-acao-pode-virar-projeto-em-emeb-de-jundiai\/","title":{"rendered":"M\u00e3e de Jundia\u00ed deixa mensagens nos l\u00e1pis de cor da filha e a\u00e7\u00e3o pode virar projeto em Emeb de Jundia\u00ed"},"content":{"rendered":"<p>Despertar um novo olhar para a escola, um olhar amoroso, maternal, aconchegante. Tudo come\u00e7ou quando Alessandra Teixeira, professora em uma escola municipal de ensino b\u00e1sico de Jundia\u00ed viu, no Facebook, a atitude de uma m\u00e3e norte-americana que deixava mensagens escrita nos l\u00e1pis para a filha. A\u00ed resolveu assumir esse carinho positivo, ativo, e tamb\u00e9m come\u00e7ou a escrever mensagens nos l\u00e1pis de cor da filha Thain\u00e1, de oito anos.<\/p>\n<p><a href=\"https:\/\/tvtecjundiai.com.br\/news\/wp-content\/uploads\/sites\/2\/2019\/03\/lapis.jpg\"><img loading=\"lazy\" decoding=\"async\" class=\"wp-image-27183 alignright\" src=\"https:\/\/tvtecjundiai.com.br\/news\/wp-content\/uploads\/sites\/2\/2019\/03\/lapis-300x244.jpg\" alt=\"\" width=\"564\" height=\"459\" srcset=\"https:\/\/tvtecjundiai.com.br\/news\/wp-content\/uploads\/sites\/2\/2019\/03\/lapis-300x244.jpg 300w, https:\/\/tvtecjundiai.com.br\/news\/wp-content\/uploads\/sites\/2\/2019\/03\/lapis.jpg 663w\" sizes=\"auto, (max-width: 564px) 100vw, 564px\" \/><\/a><\/p>\n<p>Alessandra planeja transformar a ideia num projeto para trabalhar a autoestima de seus alunos no pr\u00f3ximo trimestre. &#8220;Estou pensando em propor a ideia na escola e para a Unidade de Gest\u00e3o de Educa\u00e7\u00e3o&#8221;, conta. &#8220;Achei muito bacana a repercuss\u00e3o de tudo isso e o que \u00e9 bom e d\u00e1 certo a gente precisa aproveitar&#8221;, afirma.<\/p>\n<p>Nesses tempos de tanto desamor e viol\u00eancia, a professora acha importante garantir um olhar de amor \u00e0s crian\u00e7as, especialmente a partir da educa\u00e7\u00e3o. &#8220;As frases nos l\u00e1pis podem ser uma das a\u00e7\u00f5es que garante esse olhar&#8221;, diz. E conta que quando decidiu fazer os l\u00e1pis para Thain\u00e1, acreditou que deixaria a filha mais feliz.<\/p>\n<p>A primeira inten\u00e7\u00e3o ao escrever as frases foi a de que a filha se lembrasse do amor que a m\u00e3e sente por ela e dos valores que ensina \u00e0 filha no dia a dia.&#8221;Na hora, quando encampei a ideia, o que me motivou foi o sentimento materno, foi a possibilidade de acompanhar e incentivar a minha filha com aquela atitude&#8221;, argumenta.<\/p>\n<p>Alessandra busca permanentemente incentivar a filha, tanto no aspecto pessoal, quanto nos estudos. &#8220;Ela \u00e9 uma menina muito esperta e eu tenho tentado, com paci\u00eancia, despertar o melhor que ela possa ser&#8221;, fala como m\u00e3e e com uma ponta de orgulho. N\u00e3o \u00e9 para menos. Ao indagar da filha sobre o que a menina achava das mensagens nos l\u00e1pis a resposta foi: &#8220;incr\u00edvel, tenho muita sorte, pois me sinto muito amada por Deus e por minha m\u00e3e&#8221;.<\/p>\n<p>Como pedagoga, Alessandra acredita que no aprendizado, os l\u00e1pis ir\u00e3o ajudar bastante Thain\u00e1. &#8220;Penso que, talvez, mesmo que eu n\u00e3o esteja presente, ela possa se lembrar exatamente do que eu lhe ensino diariamente, tomando atitudes assertivas&#8221;, avalia, dando uma das raz\u00f5es pelas quais pretende propor a ideia como projeto inovador para a escola onde atua.<\/p>\n<p><em>(Pedro F\u00e1varo Jr.)<\/em><\/p>\n","protected":false},"excerpt":{"rendered":"<p>A professora Alessandra Teixeira encampou a ideia de m\u00e3e norte-americana e quer avan\u00e7ar<\/p>\n","protected":false},"author":8,"featured_media":27203,"comment_status":"closed","ping_status":"closed","sticky":false,"template":"","format":"standard","meta":{"footnotes":""},"categories":[2834,2828,2824],"tags":[5037],"class_list":["post-27129","post","type-post","status-publish","format-standard","has-post-thumbnail","hentry","category-cidades","category-educacao","category-variedades","tag-inteligencia-emocional"],"_links":{"self":[{"href":"https:\/\/tvtecjundiai.com.br\/news\/wp-json\/wp\/v2\/posts\/27129","targetHints":{"allow":["GET"]}}],"collection":[{"href":"https:\/\/tvtecjundiai.com.br\/news\/wp-json\/wp\/v2\/posts"}],"about":[{"href":"https:\/\/tvtecjundiai.com.br\/news\/wp-json\/wp\/v2\/types\/post"}],"author":[{"embeddable":true,"href":"https:\/\/tvtecjundiai.com.br\/news\/wp-json\/wp\/v2\/users\/8"}],"replies":[{"embeddable":true,"href":"https:\/\/tvtecjundiai.com.br\/news\/wp-json\/wp\/v2\/comments?post=27129"}],"version-history":[{"count":7,"href":"https:\/\/tvtecjundiai.com.br\/news\/wp-json\/wp\/v2\/posts\/27129\/revisions"}],"predecessor-version":[{"id":27205,"href":"https:\/\/tvtecjundiai.com.br\/news\/wp-json\/wp\/v2\/posts\/27129\/revisions\/27205"}],"wp:featuredmedia":[{"embeddable":true,"href":"https:\/\/tvtecjundiai.com.br\/news\/wp-json\/wp\/v2\/media\/27203"}],"wp:attachment":[{"href":"https:\/\/tvtecjundiai.com.br\/news\/wp-json\/wp\/v2\/media?parent=27129"}],"wp:term":[{"taxonomy":"category","embeddable":true,"href":"https:\/\/tvtecjundiai.com.br\/news\/wp-json\/wp\/v2\/categories?post=27129"},{"taxonomy":"post_tag","embeddable":true,"href":"https:\/\/tvtecjundiai.com.br\/news\/wp-json\/wp\/v2\/tags?post=27129"}],"curies":[{"name":"wp","href":"https:\/\/api.w.org\/{rel}","templated":true}]}}