{"id":27135,"date":"2019-03-14T18:42:01","date_gmt":"2019-03-14T21:42:01","guid":{"rendered":"https:\/\/tvtecjundiai.com.br\/news\/?p=27135"},"modified":"2019-03-14T18:42:01","modified_gmt":"2019-03-14T21:42:01","slug":"inscricoes-para-2o-science-days-jundiai-comecam-na-terca-feira-19","status":"publish","type":"post","link":"https:\/\/tvtecjundiai.com.br\/news\/2019\/03\/14\/inscricoes-para-2o-science-days-jundiai-comecam-na-terca-feira-19\/","title":{"rendered":"Inscri\u00e7\u00f5es para 2\u00ba Science Days Jundia\u00ed come\u00e7am na ter\u00e7a-feira (19)"},"content":{"rendered":"<p>A partir da pr\u00f3xima ter\u00e7a-feira (19), estar\u00e3o abertas as inscri\u00e7\u00f5es para a 2\u00aa edi\u00e7\u00e3o da Science Days Jundia\u00ed, a maior feira de ci\u00eancia do Brasil, realizada pela Nasa (ag\u00eancia espacial norte-americana) e organizada pela Prefeitura nos dias 03 e 04 de abril, no Parque da Uva.<\/p>\n<p><a href=\"https:\/\/tvtecjundiai.com.br\/news\/wp-content\/uploads\/sites\/2\/2019\/03\/science-day-595.jpg\"><img loading=\"lazy\" decoding=\"async\" class=\"alignright wp-image-27136\" src=\"https:\/\/tvtecjundiai.com.br\/news\/wp-content\/uploads\/sites\/2\/2019\/03\/science-day-595-300x214.jpg\" alt=\"\" width=\"500\" height=\"357\" srcset=\"https:\/\/tvtecjundiai.com.br\/news\/wp-content\/uploads\/sites\/2\/2019\/03\/science-day-595-300x214.jpg 300w, https:\/\/tvtecjundiai.com.br\/news\/wp-content\/uploads\/sites\/2\/2019\/03\/science-day-595-768x549.jpg 768w, https:\/\/tvtecjundiai.com.br\/news\/wp-content\/uploads\/sites\/2\/2019\/03\/science-day-595-1200x857.jpg 1200w, https:\/\/tvtecjundiai.com.br\/news\/wp-content\/uploads\/sites\/2\/2019\/03\/science-day-595.jpg 1240w\" sizes=\"auto, (max-width: 500px) 100vw, 500px\" \/><\/a>Para participar, \u00e9 preciso\u00a0<a href=\"https:\/\/jundiai.sp.gov.br\/sciencedays\/\" target=\"_blank\" rel=\"noopener noreferrer\">imprimir o ingresso no site\u00a0<\/a>at\u00e9 o dia 02 de abril ou at\u00e9 que seja atingido o limite m\u00e1ximo de 26 mil inscri\u00e7\u00f5es para os dois dias. N\u00e3o ser\u00e1 permitida a entrada no local do evento sem o ingresso.<\/p>\n<p>O prefeito Luiz Fernando Machado destaca que a feira \u00e9 um marco no que se refere ao est\u00edmulo do esp\u00edrito cient\u00edfico entre crian\u00e7as e jovens.<\/p>\n<p>\u201cCriamos o programa Escola Inovadora justamente com esse objetivo de oferecer um ensino que esteja alinhado com as exig\u00eancias do mundo cada vez mais tecnol\u00f3gico e digital em que vivemos. Queremos preparar nossos alunos para os desafios do futuro e a realiza\u00e7\u00e3o da feira \u00e9 parte dessa estrat\u00e9gia\u201d, aponta.<\/p>\n<p>O gestor de Desenvolvimento Econ\u00f4mico, Ci\u00eancia e Tecnologia (UGDECT), Messias Mercadante de Castro, destaca as novidades deste ano. \u201cTeremos palestrantes e expositores do Kennedy Space Center, da Ag\u00eancia Espacial Brasileira e da Israelense, al\u00e9m de v\u00e1rios outros cientistas. Outro destaque \u00e9 a exposi\u00e7\u00e3o em homenagem aos 50 anos da Miss\u00e3o Apollo\u201d, explica o gestor.<\/p>\n<p>O jovem palestrante e escritor Jo\u00e3o Paulo Barrera tamb\u00e9m marcar\u00e1 presen\u00e7a entre as crian\u00e7as com sua obra \u201cAventuras no Espa\u00e7o\u201d.<\/p>\n<p>A edi\u00e7\u00e3o deste ano conta com cerca de 115 experimentos cient\u00edficos desenvolvidos por 27 expositores. Est\u00e3o programadas oficinas (no Fundo Social), palestras e experimentos de escolas e institui\u00e7\u00f5es de ensino superior nas \u00e1reas de computa\u00e7\u00e3o, biologia, meio ambiente, qu\u00edmica e matem\u00e1tica. A\u00a0<a href=\"https:\/\/jundiai.sp.gov.br\/sciencedays\/\" target=\"_blank\" rel=\"noopener noreferrer\">programa\u00e7\u00e3o completa est\u00e1 dispon\u00edvel no site<\/a>.<\/p>\n<p>No dia 03, a parte da manh\u00e3 ser\u00e1 de participa\u00e7\u00e3o exclusiva de alunos dos 4\u00bas e 5\u00bas anos. A entrada do p\u00fablico em geral ser\u00e1 permitida a partir das 12h. J\u00e1 no dia 04 os port\u00f5es ser\u00e3o abertos \u00e0s 9h para todos os interessados.<\/p>\n<p>O evento \u2013 uma realiza\u00e7\u00e3o da Nasa em parceria com a<em>\u00a0The Michaelis Foundation for Global Education<\/em>\u00a0e a B<em>razil Florida Chamber of Commerce<\/em>\u00a0\u2013 integra as a\u00e7\u00f5es do programa Escola Inovadora. A organiza\u00e7\u00e3o \u00e9 da UGDECT, com apoio de todas as unidades de gest\u00e3o da Prefeitura, da TVTEC e patroc\u00ednio da DAE e da Cijun.<\/p>\n<p><em>(Prefeitura de Jundia\u00ed)<\/em><\/p>\n","protected":false},"excerpt":{"rendered":"<p>Evento ser\u00e1 nos dias 3 e 4 de abril no Parque da Uva<\/p>\n","protected":false},"author":10,"featured_media":27136,"comment_status":"closed","ping_status":"closed","sticky":false,"template":"","format":"standard","meta":{"footnotes":""},"categories":[2834,29,2828,2835],"tags":[],"class_list":["post-27135","post","type-post","status-publish","format-standard","has-post-thumbnail","hentry","category-cidades","category-destaque","category-educacao","category-tecnologia"],"_links":{"self":[{"href":"https:\/\/tvtecjundiai.com.br\/news\/wp-json\/wp\/v2\/posts\/27135","targetHints":{"allow":["GET"]}}],"collection":[{"href":"https:\/\/tvtecjundiai.com.br\/news\/wp-json\/wp\/v2\/posts"}],"about":[{"href":"https:\/\/tvtecjundiai.com.br\/news\/wp-json\/wp\/v2\/types\/post"}],"author":[{"embeddable":true,"href":"https:\/\/tvtecjundiai.com.br\/news\/wp-json\/wp\/v2\/users\/10"}],"replies":[{"embeddable":true,"href":"https:\/\/tvtecjundiai.com.br\/news\/wp-json\/wp\/v2\/comments?post=27135"}],"version-history":[{"count":1,"href":"https:\/\/tvtecjundiai.com.br\/news\/wp-json\/wp\/v2\/posts\/27135\/revisions"}],"predecessor-version":[{"id":27137,"href":"https:\/\/tvtecjundiai.com.br\/news\/wp-json\/wp\/v2\/posts\/27135\/revisions\/27137"}],"wp:featuredmedia":[{"embeddable":true,"href":"https:\/\/tvtecjundiai.com.br\/news\/wp-json\/wp\/v2\/media\/27136"}],"wp:attachment":[{"href":"https:\/\/tvtecjundiai.com.br\/news\/wp-json\/wp\/v2\/media?parent=27135"}],"wp:term":[{"taxonomy":"category","embeddable":true,"href":"https:\/\/tvtecjundiai.com.br\/news\/wp-json\/wp\/v2\/categories?post=27135"},{"taxonomy":"post_tag","embeddable":true,"href":"https:\/\/tvtecjundiai.com.br\/news\/wp-json\/wp\/v2\/tags?post=27135"}],"curies":[{"name":"wp","href":"https:\/\/api.w.org\/{rel}","templated":true}]}}