{"id":27308,"date":"2019-03-19T13:03:24","date_gmt":"2019-03-19T16:03:24","guid":{"rendered":"https:\/\/tvtecjundiai.com.br\/news\/?p=27308"},"modified":"2019-03-19T13:03:24","modified_gmt":"2019-03-19T16:03:24","slug":"inscricoes-para-o-science-days-ja-estao-abertas","status":"publish","type":"post","link":"https:\/\/tvtecjundiai.com.br\/news\/2019\/03\/19\/inscricoes-para-o-science-days-ja-estao-abertas\/","title":{"rendered":"Inscri\u00e7\u00f5es para o Science Days j\u00e1 est\u00e3o abertas"},"content":{"rendered":"<p>Com inscri\u00e7\u00f5es abertas para o p\u00fablico em geral a partir desta ter\u00e7a-feira (19), a edi\u00e7\u00e3o deste ano do Science Days Jundia\u00ed conta um um n\u00famero de experimentos cient\u00edficos 44% maior do que o do ano passado: s\u00e3o 115 trabalhos a serem expostos nos pr\u00f3ximos dias 03 e 04 de abril ante 80 que participaram no ano passado.<\/p>\n<div id=\"attachment_27309\" style=\"width: 510px\" class=\"wp-caption alignright\"><a href=\"https:\/\/tvtecjundiai.com.br\/news\/wp-content\/uploads\/sites\/2\/2019\/03\/science-days-2018-e1553011256711.jpeg\"><img loading=\"lazy\" decoding=\"async\" aria-describedby=\"caption-attachment-27309\" class=\"wp-image-27309\" src=\"https:\/\/tvtecjundiai.com.br\/news\/wp-content\/uploads\/sites\/2\/2019\/03\/science-days-2018-e1553011256711-300x204.jpeg\" alt=\"\" width=\"500\" height=\"340\" srcset=\"https:\/\/tvtecjundiai.com.br\/news\/wp-content\/uploads\/sites\/2\/2019\/03\/science-days-2018-e1553011256711-300x204.jpeg 300w, https:\/\/tvtecjundiai.com.br\/news\/wp-content\/uploads\/sites\/2\/2019\/03\/science-days-2018-e1553011256711-768x522.jpeg 768w, https:\/\/tvtecjundiai.com.br\/news\/wp-content\/uploads\/sites\/2\/2019\/03\/science-days-2018-e1553011256711-1200x816.jpeg 1200w, https:\/\/tvtecjundiai.com.br\/news\/wp-content\/uploads\/sites\/2\/2019\/03\/science-days-2018-e1553011256711.jpeg 1240w\" sizes=\"auto, (max-width: 500px) 100vw, 500px\" \/><\/a><p id=\"caption-attachment-27309\" class=\"wp-caption-text\">No ano passado, cerca de 23 mil pessoas participaram do evento<\/p><\/div>\n<p>Para participar do evento, no Parque da Uva, \u00e9 preciso\u00a0<a href=\"https:\/\/jundiai.sp.gov.br\/sciencedays\/\" target=\"_blank\" rel=\"noopener noreferrer\">imprimir o ingresso no site\u00a0<\/a>at\u00e9 o dia 02 de abril ou at\u00e9 que seja atingido o limite m\u00e1ximo de 26 mil inscri\u00e7\u00f5es para os dois dias. N\u00e3o ser\u00e1 permitida a entrada no local do evento sem o ingresso.<\/p>\n<p>De acordo com a Unidade de Gest\u00e3o da Educa\u00e7\u00e3o (UGE), cerca de seis mil alunos do sistema municipal de ensino v\u00e3o participar da maior feira de ci\u00eancia do Brasil, realizada pela Nasa e organizada pela Prefeitura de Jundia\u00ed.<\/p>\n<p>O p\u00fablico total estimado do evento \u00e9 de 26 mil pessoas, contando com estudantes da rede particular, professores e visitantes. No ano passado, Jundia\u00ed realizou o maior Science Days da Am\u00e9rica Latina, com participa\u00e7\u00e3o de 23 mil pessoas em um \u00fanico dia de evento.<\/p>\n<p>O prefeito Luiz Fernando Machado destaca que a feira \u00e9 um marco no que se refere ao est\u00edmulo do esp\u00edrito cient\u00edfico entre crian\u00e7as e jovens.<\/p>\n<p>\u201cCriamos o programa Escola Inovadora justamente com esse objetivo de oferecer um ensino que esteja alinhado com as exig\u00eancias do mundo cada vez mais tecnol\u00f3gico e digital em que vivemos. Queremos preparar nossos alunos para os desafios do futuro e a realiza\u00e7\u00e3o da feira \u00e9 parte dessa estrat\u00e9gia\u201d, aponta.<\/p>\n<p>Entre as novidades deste ano, est\u00e1 confirmada a presen\u00e7a de palestrantes e expositores do Kennedy Space Center, da Ag\u00eancia Espacial Brasileira e da Israelense, al\u00e9m de v\u00e1rios outros cientistas.<\/p>\n<p>Outro destaque \u00e9 a exposi\u00e7\u00e3o em homenagem aos 50 anos da Miss\u00e3o Apollo, organizada pela Nasa. O jovem palestrante e escritor Jo\u00e3o Paulo Barrera tamb\u00e9m marcar\u00e1 presen\u00e7a entre as crian\u00e7as com sua obra \u201cAventuras no Espa\u00e7o\u201d.<\/p>\n<p>Est\u00e3o programadas, ainda, oficinas no Fundo Social de Solidariedade, palestras e experimentos de escolas e institui\u00e7\u00f5es de ensino superior nas \u00e1reas de computa\u00e7\u00e3o, biologia, meio ambiente, qu\u00edmica e matem\u00e1tica. A\u00a0<a href=\"https:\/\/jundiai.sp.gov.br\/sciencedays\/\" target=\"_blank\" rel=\"noopener noreferrer\">programa\u00e7\u00e3o completa est\u00e1 dispon\u00edvel no site<\/a>.<\/p>\n<p><em>(Prefeitura de Jundia\u00ed; Imagem: Nasa)<\/em><\/p>\n","protected":false},"excerpt":{"rendered":"<p>N\u00e3o ser\u00e1 permitida a entrada no local do evento sem o ingresso<\/p>\n","protected":false},"author":10,"featured_media":6765,"comment_status":"closed","ping_status":"closed","sticky":false,"template":"","format":"standard","meta":{"footnotes":""},"categories":[2834,29,2828,2835],"tags":[],"class_list":["post-27308","post","type-post","status-publish","format-standard","has-post-thumbnail","hentry","category-cidades","category-destaque","category-educacao","category-tecnologia"],"_links":{"self":[{"href":"https:\/\/tvtecjundiai.com.br\/news\/wp-json\/wp\/v2\/posts\/27308","targetHints":{"allow":["GET"]}}],"collection":[{"href":"https:\/\/tvtecjundiai.com.br\/news\/wp-json\/wp\/v2\/posts"}],"about":[{"href":"https:\/\/tvtecjundiai.com.br\/news\/wp-json\/wp\/v2\/types\/post"}],"author":[{"embeddable":true,"href":"https:\/\/tvtecjundiai.com.br\/news\/wp-json\/wp\/v2\/users\/10"}],"replies":[{"embeddable":true,"href":"https:\/\/tvtecjundiai.com.br\/news\/wp-json\/wp\/v2\/comments?post=27308"}],"version-history":[{"count":1,"href":"https:\/\/tvtecjundiai.com.br\/news\/wp-json\/wp\/v2\/posts\/27308\/revisions"}],"predecessor-version":[{"id":27310,"href":"https:\/\/tvtecjundiai.com.br\/news\/wp-json\/wp\/v2\/posts\/27308\/revisions\/27310"}],"wp:featuredmedia":[{"embeddable":true,"href":"https:\/\/tvtecjundiai.com.br\/news\/wp-json\/wp\/v2\/media\/6765"}],"wp:attachment":[{"href":"https:\/\/tvtecjundiai.com.br\/news\/wp-json\/wp\/v2\/media?parent=27308"}],"wp:term":[{"taxonomy":"category","embeddable":true,"href":"https:\/\/tvtecjundiai.com.br\/news\/wp-json\/wp\/v2\/categories?post=27308"},{"taxonomy":"post_tag","embeddable":true,"href":"https:\/\/tvtecjundiai.com.br\/news\/wp-json\/wp\/v2\/tags?post=27308"}],"curies":[{"name":"wp","href":"https:\/\/api.w.org\/{rel}","templated":true}]}}