{"id":27402,"date":"2019-03-21T10:32:34","date_gmt":"2019-03-21T13:32:34","guid":{"rendered":"https:\/\/tvtecjundiai.com.br\/news\/?p=27402"},"modified":"2019-03-21T10:46:19","modified_gmt":"2019-03-21T13:46:19","slug":"cultura-de-jundiai-abre-inscricoes-para-selecao-de-coreografias-do-enredanca-2019","status":"publish","type":"post","link":"https:\/\/tvtecjundiai.com.br\/news\/2019\/03\/21\/cultura-de-jundiai-abre-inscricoes-para-selecao-de-coreografias-do-enredanca-2019\/","title":{"rendered":"Cultura de Jundia\u00ed abre inscri\u00e7\u00f5es para sele\u00e7\u00e3o de coreografias do Enredan\u00e7a 2019"},"content":{"rendered":"<div id=\"attachment_27403\" style=\"width: 381px\" class=\"wp-caption alignright\"><a href=\"https:\/\/tvtecjundiai.com.br\/news\/wp-content\/uploads\/sites\/2\/2019\/03\/enredanca_polytheama-1156.jpg\"><img loading=\"lazy\" decoding=\"async\" aria-describedby=\"caption-attachment-27403\" class=\"wp-image-27403\" src=\"https:\/\/tvtecjundiai.com.br\/news\/wp-content\/uploads\/sites\/2\/2019\/03\/enredanca_polytheama-1156-300x200.jpg\" alt=\"As premia\u00e7\u00f5es em dinheiro podem ir de R$ 500 a R$ 1500 \" width=\"371\" height=\"247\" srcset=\"https:\/\/tvtecjundiai.com.br\/news\/wp-content\/uploads\/sites\/2\/2019\/03\/enredanca_polytheama-1156-300x200.jpg 300w, https:\/\/tvtecjundiai.com.br\/news\/wp-content\/uploads\/sites\/2\/2019\/03\/enredanca_polytheama-1156-768x512.jpg 768w, https:\/\/tvtecjundiai.com.br\/news\/wp-content\/uploads\/sites\/2\/2019\/03\/enredanca_polytheama-1156-1200x801.jpg 1200w, https:\/\/tvtecjundiai.com.br\/news\/wp-content\/uploads\/sites\/2\/2019\/03\/enredanca_polytheama-1156.jpg 1280w\" sizes=\"auto, (max-width: 371px) 100vw, 371px\" \/><\/a><p id=\"caption-attachment-27403\" class=\"wp-caption-text\">As premia\u00e7\u00f5es em dinheiro podem ir de R$ 500 a R$ 1500<\/p><\/div>\n<p>Est\u00e3o abertas as inscri\u00e7\u00f5es gratuitas para a sele\u00e7\u00e3o das coreografias que ir\u00e3o compor a 23\u00aa edi\u00e7\u00e3o do festival Enredan\u00e7a. Os bailarinos, grupos, escolas ou academias de todo o pa\u00eds interessados devem se inscrever pela internet at\u00e9 as 23 horas e 59 minutos do dia 02 de maio de 2019 com o preenchimento do\u00a0<a href=\"http:\/\/sbead.com.br\/enredanca\/entrar\/\" target=\"_blank\" rel=\"noopener noreferrer\"><strong>formul\u00e1rio online<\/strong><\/a>.<\/p>\n<p>Com a proposta de fomento \u00e0 atividade, valoriza\u00e7\u00e3o e incentivo \u00e0 dan\u00e7a, ao interc\u00e2mbio de conhecimento entre grupos de dan\u00e7a e \u00e0 descentraliza\u00e7\u00e3o da oferta cultural na cidade, o Enredan\u00e7a voltou a ser realizado pela Prefeitura em 2017 e chega neste ano \u00e0 sua 23\u00ba edi\u00e7\u00e3o.<\/p>\n<p>Com apresenta\u00e7\u00f5es pelas Mostras Competitiva e Paralela nas mais diversas linguagens como Cl\u00e1ssico de repert\u00f3rio e livre, Contempor\u00e2neo, Jazz, Street Dance, Sapateado americano, Dan\u00e7as Populares e estilo livre, o Festival se estender\u00e1 entre os dias 10 e 26 de maio com oficinas com profissionais de renome,\u00a0<em>workshops<\/em>\u00a0de dan\u00e7a e\u00a0<em>flashmobs<\/em>\u00a0surpresas em locais inusitados. As premia\u00e7\u00f5es em dinheiro podem ir de R$ 500 a R$ 1500 para melhores bailarinas, bailarinos e grupos de cada categoria, al\u00e9m de melhores core\u00f3grafos, coreografia e pr\u00eamio revela\u00e7\u00e3o.<\/p>\n<p>Mais informa\u00e7\u00f5es e instru\u00e7\u00f5es para o preenchimento do formul\u00e1rio, al\u00e9m da documenta\u00e7\u00e3o necess\u00e1ria, tempo de dura\u00e7\u00e3o das coreografias, sele\u00e7\u00e3o, composi\u00e7\u00e3o das comiss\u00f5es julgadoras, condi\u00e7\u00f5es para ensaios al\u00e9m de premia\u00e7\u00e3o est\u00e3o dispon\u00edveis no\u00a0<strong><a href=\"https:\/\/imprensaoficial.jundiai.sp.gov.br\/wp-content\/uploads\/2019\/03\/3c7fadc0-edec-4d1b-9434-b977ef3b8bdf_Edi%C3%A7%C3%A3o-4534-15-03-2019.pdf\" target=\"_blank\" rel=\"noopener noreferrer\">edital de concurso n\u00ba 02\/2019, publicado na p\u00e1gina 47 da edi\u00e7\u00e3o 4534 da Imprensa Oficial de 15 de mar\u00e7o de 2019<\/a><\/strong>\u00a0ou no\u00a0<strong><a href=\"https:\/\/cultura.jundiai.sp.gov.br\/editais\/\" target=\"_blank\" rel=\"noopener noreferrer\">site da Cultura<\/a><\/strong>.<\/p>\n<p>Al\u00e9m do edital, constam como anexos a ficha com os dados para libera\u00e7\u00e3o de pr\u00eamios, o recibo de premia\u00e7\u00e3o e anexo com as caracter\u00edsticas do Teatro Polytheama. Mais informa\u00e7\u00f5es podem ser obtidas tamb\u00e9m pelo e-mail\u00a0<strong><a href=\"mailto:enredanca@jundiai.sp.gov.br\" target=\"_blank\" rel=\"noopener noreferrer\">enredanca@jundiai.sp.gov.br<\/a><\/strong> e tamb\u00e9m pelos telefones (11) 4521-1430 ou 4521-6922, de segunda a sexta-feira, das 9 horas \u00e0s 17 horas.<\/p>\n","protected":false},"excerpt":{"rendered":"<p>Evento contar\u00e1 com oficinas e workshops gratuitos, al\u00e9m de apresenta\u00e7\u00f5es de dan\u00e7a<\/p>\n","protected":false},"author":13,"featured_media":27403,"comment_status":"closed","ping_status":"closed","sticky":false,"template":"","format":"standard","meta":{"footnotes":""},"categories":[2834,2833,1],"tags":[716,82,521],"class_list":["post-27402","post","type-post","status-publish","format-standard","has-post-thumbnail","hentry","category-cidades","category-cultura","category-noticias","tag-enredanca","tag-festival","tag-polytheama"],"_links":{"self":[{"href":"https:\/\/tvtecjundiai.com.br\/news\/wp-json\/wp\/v2\/posts\/27402","targetHints":{"allow":["GET"]}}],"collection":[{"href":"https:\/\/tvtecjundiai.com.br\/news\/wp-json\/wp\/v2\/posts"}],"about":[{"href":"https:\/\/tvtecjundiai.com.br\/news\/wp-json\/wp\/v2\/types\/post"}],"author":[{"embeddable":true,"href":"https:\/\/tvtecjundiai.com.br\/news\/wp-json\/wp\/v2\/users\/13"}],"replies":[{"embeddable":true,"href":"https:\/\/tvtecjundiai.com.br\/news\/wp-json\/wp\/v2\/comments?post=27402"}],"version-history":[{"count":2,"href":"https:\/\/tvtecjundiai.com.br\/news\/wp-json\/wp\/v2\/posts\/27402\/revisions"}],"predecessor-version":[{"id":27418,"href":"https:\/\/tvtecjundiai.com.br\/news\/wp-json\/wp\/v2\/posts\/27402\/revisions\/27418"}],"wp:featuredmedia":[{"embeddable":true,"href":"https:\/\/tvtecjundiai.com.br\/news\/wp-json\/wp\/v2\/media\/27403"}],"wp:attachment":[{"href":"https:\/\/tvtecjundiai.com.br\/news\/wp-json\/wp\/v2\/media?parent=27402"}],"wp:term":[{"taxonomy":"category","embeddable":true,"href":"https:\/\/tvtecjundiai.com.br\/news\/wp-json\/wp\/v2\/categories?post=27402"},{"taxonomy":"post_tag","embeddable":true,"href":"https:\/\/tvtecjundiai.com.br\/news\/wp-json\/wp\/v2\/tags?post=27402"}],"curies":[{"name":"wp","href":"https:\/\/api.w.org\/{rel}","templated":true}]}}