{"id":27537,"date":"2019-03-25T10:33:23","date_gmt":"2019-03-25T13:33:23","guid":{"rendered":"https:\/\/tvtecjundiai.com.br\/news\/?p=27537"},"modified":"2019-03-25T10:34:00","modified_gmt":"2019-03-25T13:34:00","slug":"jundiai-e-aposta-de-marcas-conhecidas-de-sao-paulo-na-hora-de-abrir-franquias","status":"publish","type":"post","link":"https:\/\/tvtecjundiai.com.br\/news\/2019\/03\/25\/jundiai-e-aposta-de-marcas-conhecidas-de-sao-paulo-na-hora-de-abrir-franquias\/","title":{"rendered":"Jundia\u00ed \u00e9 aposta de marcas conhecidas de S\u00e3o Paulo na hora de abrir franquias"},"content":{"rendered":"<div class=\"mc-column content-text active-extra-styles active-capital-letter\" data-block-type=\"unstyled\" data-block-weight=\"25\" data-block-id=\"2\">\n<div data-block-type=\"unstyled\" data-block-weight=\"25\" data-block-id=\"2\">Uma pesquisa sobre franquias mostra que cada vez mais marcas conhecidas em S\u00e3o Paulo, est\u00e3o investindo em cidades do interior, como \u00e9 o caso de Jundia\u00ed. A franqueada Angelita Caramanti passou oito anos na sala de aula como professora, mas descobriu que o queria mesmo era ter o pr\u00f3prio neg\u00f3cio e escolheu o ramo da gastronomia. O desafio foi aprender a administrar um restaurante.<\/div>\n<div data-block-type=\"unstyled\" data-block-weight=\"25\" data-block-id=\"2\"><\/div>\n<div data-block-type=\"unstyled\" data-block-weight=\"25\" data-block-id=\"2\">\n<div id=\"attachment_26449\" style=\"width: 393px\" class=\"wp-caption alignright\"><a href=\"https:\/\/tvtecjundiai.com.br\/news\/wp-content\/uploads\/sites\/2\/2019\/03\/manh\u00e3-em-jundia\u00ed-luis-felipe-fotografia.png\"><img loading=\"lazy\" decoding=\"async\" aria-describedby=\"caption-attachment-26449\" class=\"wp-image-26449\" src=\"https:\/\/tvtecjundiai.com.br\/news\/wp-content\/uploads\/sites\/2\/2019\/03\/manh\u00e3-em-jundia\u00ed-luis-felipe-fotografia-300x200.png\" alt=\"Jundia\u00ed conta com 507 franquias\" width=\"383\" height=\"255\" \/><\/a><p id=\"caption-attachment-26449\" class=\"wp-caption-text\">Jundia\u00ed conta com 507 franquias<\/p><\/div>\n<\/div>\n<div class=\"wall protected-content\">\n<div class=\"mc-column content-text active-extra-styles \" data-block-type=\"unstyled\" data-block-weight=\"35\" data-block-id=\"5\">\n<p class=\"content-text__container \" data-track-category=\"Link no Texto\" data-track-links=\"\">Angelita se tornou franqueada de uma rede de restaurantes com 35 anos de tradi\u00e7\u00e3o no mercado. Ela abriu o primeiro ponto em um shopping de Sorocaba em 2013 e j\u00e1 est\u00e1 pensando alto de novo.<\/p>\n<\/div>\n<div class=\"mc-column content-text active-extra-styles \" data-block-type=\"unstyled\" data-block-weight=\"21\" data-block-id=\"7\">\n<p class=\"content-text__container \" data-track-category=\"Link no Texto\" data-track-links=\"\">A Associa\u00e7\u00e3o Brasileira de Franchising, que regula o setor de franquias no pa\u00eds, analisou o cen\u00e1rio atual de 20 cidades brasileiras.<\/p>\n<\/div>\n<div class=\"mc-column content-text active-extra-styles \" data-block-type=\"unstyled\" data-block-weight=\"47\" data-block-id=\"8\">\n<p class=\"content-text__container \" data-track-category=\"Link no Texto\" data-track-links=\"\">Jundia\u00ed aparece em segundo lugar no ranking com 507 franquias, um aumento de 12% em rela\u00e7\u00e3o ao ano passado. Fica atr\u00e1s apenas de Presidente Prudente (SP), que teve um crescimento de 13%. Sorocaba ocupa a nona posi\u00e7\u00e3o com 555 franquias, 4% a mais do que em 2017.<\/p>\n<div class=\"mc-column content-text active-extra-styles \" data-block-type=\"unstyled\" data-block-weight=\"41\" data-block-id=\"11\">\n<p class=\"content-text__container \" data-track-category=\"Link no Texto\" data-track-links=\"\">A pesquisa aponta que o setor de franquias vem se tornando cada vez mais promissor no Brasil e, at\u00e9 o terceiro trimestre deste ano, cresceu mais de 6%, impulsionando a gera\u00e7\u00e3o de emprego, com cerca de 80 mil vagas de trabalho.<\/p>\n<\/div>\n<div class=\"mc-column content-text active-extra-styles \" data-block-type=\"unstyled\" data-block-weight=\"30\" data-block-id=\"12\">\n<p class=\"content-text__container \" data-track-category=\"Link no Texto\" data-track-links=\"\">A operadora de caixa \u00c9velin Caroline de Oliveira Santos conseguiu uma delas. Depois de dois anos cuidando da filha pequena, ela voltou ao mercado de trabalho no restaurante de Angelita. &#8220;Muito bom trabalhar. Muito tempo parada, tem que voltar \u00e0 tona em tudo, muito gostoso&#8221;, comenta.<\/p>\n<\/div>\n<div class=\"mc-column content-text active-extra-styles \" data-block-type=\"unstyled\" data-block-weight=\"19\" data-block-id=\"14\">\n<p class=\"content-text__container \" data-track-category=\"Link no Texto\" data-track-links=\"\">Para o economista Renato Vaz, o aumento de franquias no interior representa uma tend\u00eancia positiva, que veio para ficar.<\/p>\n<\/div>\n<div class=\"mc-column content-text active-extra-styles \" data-block-type=\"unstyled\" data-block-weight=\"71\" data-block-id=\"15\">\n<p class=\"content-text__container \" data-track-category=\"Link no Texto\" data-track-links=\"\">&#8220;Voc\u00ea tem um cen\u00e1rio econ\u00f4mico que se apresenta como bem mais favor\u00e1vel do que dos \u00faltimos anos. Especificamente do ponto de vista das franquias, por ser um modelo de neg\u00f3cios em que voc\u00ea tem um risco menor do que um neg\u00f3cio que voc\u00ea abra do nada, isso faz com que as franquias tenham uma taxa de crescimento ao longo dos \u00faltimos anos maior do que a taxa de crescimento da economia.&#8221;<\/p>\n<\/div>\n<div class=\"mc-column content-text active-extra-styles \" data-block-type=\"unstyled\" data-block-weight=\"44\" data-block-id=\"16\">\n<p class=\"content-text__container \" data-track-category=\"Link no Texto\" data-track-links=\"\">Quem tamb\u00e9m est\u00e1 aproveitando o momento para surfar nessa onda \u00e9 o franqueado Anderson F\u00e1bio Alves. Ele come\u00e7ou com uma franquia de manuten\u00e7\u00e3o e vendas de acess\u00f3rios para piscinas h\u00e1 quatro anos. Em 2018, o neg\u00f3cio cresceu: agora quem vende as piscinas \u00e9 ele.<\/p>\n<p data-track-category=\"Link no Texto\" data-track-links=\"\"><em>(Fonte: G1\/ Foto: Luis Felipe)<\/em><\/p>\n<\/div>\n<div class=\"mc-column content-text active-extra-styles \" data-block-type=\"unstyled\" data-block-weight=\"45\" data-block-id=\"17\">\n<p class=\"content-text__container \" data-track-category=\"Link no Texto\" data-track-links=\"\">\n<\/div>\n<\/div>\n<\/div>\n<p data-track-category=\"Link no Texto\" data-track-links=\"\">\n<\/div>\n<div class=\"wall protected-content\">\n<div class=\"mc-column content-text active-extra-styles \" data-block-type=\"unstyled\" data-block-weight=\"47\" data-block-id=\"8\">\n<div class=\"mc-column content-text active-extra-styles \" data-block-type=\"unstyled\" data-block-weight=\"45\" data-block-id=\"17\">\n<p class=\"content-text__container \" data-track-category=\"Link no Texto\" data-track-links=\"\">\n<\/div>\n<\/div>\n<\/div>\n","protected":false},"excerpt":{"rendered":"<p>Munic\u00edpio est\u00e1 em segundo lugar no ranking da Associa\u00e7\u00e3o Brasileira de Franchising, com 507 franquias<\/p>\n","protected":false},"author":13,"featured_media":26449,"comment_status":"closed","ping_status":"closed","sticky":false,"template":"","format":"standard","meta":{"footnotes":""},"categories":[2834,2829,5038,1],"tags":[1630],"class_list":["post-27537","post","type-post","status-publish","format-standard","has-post-thumbnail","hentry","category-cidades","category-economia","category-emprego","category-noticias","tag-franquias"],"_links":{"self":[{"href":"https:\/\/tvtecjundiai.com.br\/news\/wp-json\/wp\/v2\/posts\/27537","targetHints":{"allow":["GET"]}}],"collection":[{"href":"https:\/\/tvtecjundiai.com.br\/news\/wp-json\/wp\/v2\/posts"}],"about":[{"href":"https:\/\/tvtecjundiai.com.br\/news\/wp-json\/wp\/v2\/types\/post"}],"author":[{"embeddable":true,"href":"https:\/\/tvtecjundiai.com.br\/news\/wp-json\/wp\/v2\/users\/13"}],"replies":[{"embeddable":true,"href":"https:\/\/tvtecjundiai.com.br\/news\/wp-json\/wp\/v2\/comments?post=27537"}],"version-history":[{"count":2,"href":"https:\/\/tvtecjundiai.com.br\/news\/wp-json\/wp\/v2\/posts\/27537\/revisions"}],"predecessor-version":[{"id":27539,"href":"https:\/\/tvtecjundiai.com.br\/news\/wp-json\/wp\/v2\/posts\/27537\/revisions\/27539"}],"wp:featuredmedia":[{"embeddable":true,"href":"https:\/\/tvtecjundiai.com.br\/news\/wp-json\/wp\/v2\/media\/26449"}],"wp:attachment":[{"href":"https:\/\/tvtecjundiai.com.br\/news\/wp-json\/wp\/v2\/media?parent=27537"}],"wp:term":[{"taxonomy":"category","embeddable":true,"href":"https:\/\/tvtecjundiai.com.br\/news\/wp-json\/wp\/v2\/categories?post=27537"},{"taxonomy":"post_tag","embeddable":true,"href":"https:\/\/tvtecjundiai.com.br\/news\/wp-json\/wp\/v2\/tags?post=27537"}],"curies":[{"name":"wp","href":"https:\/\/api.w.org\/{rel}","templated":true}]}}