{"id":27546,"date":"2019-03-25T11:44:15","date_gmt":"2019-03-25T14:44:15","guid":{"rendered":"https:\/\/tvtecjundiai.com.br\/news\/?p=27546"},"modified":"2019-03-25T12:17:55","modified_gmt":"2019-03-25T15:17:55","slug":"governador-joao-doria-confirma-trem-intercidades","status":"publish","type":"post","link":"https:\/\/tvtecjundiai.com.br\/news\/2019\/03\/25\/governador-joao-doria-confirma-trem-intercidades\/","title":{"rendered":"Governador Jo\u00e3o Doria confirma Trem Intercidades"},"content":{"rendered":"<p>O governador do Estado de S\u00e3o Paulo, Jo\u00e3o Doria, reafirmou neste domingo (24) que o Trem Intercidades (TIC) ser\u00e1 implantado na Regi\u00e3o Metropolitana de Campinas (RMC), mas n\u00e3o deu prazo de quando isso deve acontecer efetivamente.<\/p>\n<div id=\"attachment_27547\" style=\"width: 510px\" class=\"wp-caption alignright\"><a href=\"https:\/\/tvtecjundiai.com.br\/news\/wp-content\/uploads\/sites\/2\/2019\/03\/tetertert.png\"><img loading=\"lazy\" decoding=\"async\" aria-describedby=\"caption-attachment-27547\" class=\"wp-image-27547\" src=\"https:\/\/tvtecjundiai.com.br\/news\/wp-content\/uploads\/sites\/2\/2019\/03\/tetertert-300x160.png\" alt=\"\" width=\"500\" height=\"267\" \/><\/a><p id=\"caption-attachment-27547\" class=\"wp-caption-text\">Governador deu certeza de que o projeto ser\u00e1 implantado<\/p><\/div>\n<p>O governo do Estado deve lan\u00e7ar um chamamento p\u00fablico, ainda este ano, para manifesta\u00e7\u00e3o de interesse do setor privado na forma\u00e7\u00e3o de uma Parceria P\u00fablico Privada (PPP) para a implanta\u00e7\u00e3o do Trem Intercidades, entre Americana e S\u00e3o Paulo, passando tamb\u00e9m por Campinas e Jundia\u00ed.<\/p>\n<p>Ainda em janeiro, o secret\u00e1rio de Transportes Metropolitanos, Alexandre Baldy, informou que t\u00e9cnicos da secretaria e do Minist\u00e9rio de Infraestrutura se reuniriam em S\u00e3o Paulo para come\u00e7ar a definir um cronograma de implanta\u00e7\u00e3o do projeto. O cronograma deveria ter sido divulgado no m\u00eas passado. Mas isso n\u00e3o ocorreu.<\/p>\n<p>Doria foi questionado sobre prazos e disse que o processo continua acelerado. &#8220;N\u00e3o houve nenhum recuo. N\u00f3s assinamos, inclusive, com o Governo Federal, com o Minist\u00e9rio da Infraestrutura, um conv\u00eanio para a implanta\u00e7\u00e3o dos dois trens intercidades. O que vem para a Regi\u00e3o Metropolitana de Campinas, estendido at\u00e9 Americana, e o segundo que \u00e9 no Vale do Para\u00edba. N\u00e3o houve nenhuma retra\u00e7\u00e3o&#8221;, afirmou.<\/p>\n<p>No entanto, a Rumo, que administra o trecho ferrovi\u00e1rio no Interior, j\u00e1 tem avalia\u00e7\u00e3o de que Americana n\u00e3o comporta tr\u00e1fego adicional de trens na linha que corta a cidade. &#8220;Eu n\u00e3o tenho essa informa\u00e7\u00e3o da Rumo. Ademais, essa \u00e9 uma decis\u00e3o nossa. Se a nossa decis\u00e3o for essa, a Rumo vai ter que tomar o rumo e vai seguir a mesma linha do governo&#8221;, declarou o governador.<\/p>\n<p>Ele fez quest\u00e3o de reafirmar que o projeto ser\u00e1 implantado. &#8220;O programa, ao ser implantado, ser\u00e1 com recursos privados. Investimento privado. Inclusive, o ferroanel que n\u00f3s tamb\u00e9m anunciamos e vamos colocar em pr\u00e1tica. Essa \u00e9 uma decis\u00e3o de governo. Nesses quatro anos como governador de S\u00e3o Paulo eu registro aqui mais uma vez que o programa do Trem Intercidades para a Regi\u00e3o Metropolitana de Campinas ser\u00e1 implantado&#8221;, afirmou.<\/p>\n<p>Em nota, nesse s\u00e1bado (23), a Rumo informou que j\u00e1 foi assinado um termo de compromisso entre a concession\u00e1ria e o governo do Estado quanto \u00e0 utiliza\u00e7\u00e3o do trecho entre Jundia\u00ed e Campinas, que tem maior voca\u00e7\u00e3o para o transporte de passageiros (por ser cont\u00edguo ao trecho da CPTM e tamb\u00e9m por ter o maior contingente populacional). \u201cO referido trecho tem pequeno tr\u00e1fego de cargas e pode ser compartilhado\u201d, informou.<\/p>\n<p>Com rela\u00e7\u00e3o ao trecho de Americana, a empresa n\u00e3o concorda com o compartilhamento da malha ferrovi\u00e1ria. \u201cEm trechos de grande densidade de cargas, o compartilhamento se torna invi\u00e1vel. Nesses casos, o mais adequado seria a constru\u00e7\u00e3o de uma via exclusiva para passageiros, que ficaria a cargo do Estado ou do futuro operador do trem de passageiros\u201d, ressaltou.<\/p>\n<p><strong>Valores<\/strong><br \/>\nEstimativas iniciais indicavam necessidade de investimentos de R$ 5,4 bilh\u00f5es para toda a obra, dos quais R$ 1,8 bilh\u00e3o deve ser investido pelo Estado. O valor, no entanto, ser\u00e1 estabelecido na PPP, com base em estudos do Banco Mundial (Bird). O Banco Mundial sinalizou que poder\u00e1 atuar como parceiro do governo paulista com recursos n\u00e3o reembols\u00e1veis tanto no in\u00edcio do projeto quanto no financiamento da implanta\u00e7\u00e3o do Trem Intercidades.<\/p>\n<p><em>(Correio Conectado)<\/em><\/p>\n","protected":false},"excerpt":{"rendered":"<p>Processo de implanta\u00e7\u00e3o est\u00e1 acelerado; Doria n\u00e3o citou prazos<\/p>\n","protected":false},"author":10,"featured_media":27547,"comment_status":"closed","ping_status":"closed","sticky":false,"template":"","format":"standard","meta":{"footnotes":""},"categories":[2834,29,3059],"tags":[],"class_list":["post-27546","post","type-post","status-publish","format-standard","has-post-thumbnail","hentry","category-cidades","category-destaque","category-transportes"],"_links":{"self":[{"href":"https:\/\/tvtecjundiai.com.br\/news\/wp-json\/wp\/v2\/posts\/27546","targetHints":{"allow":["GET"]}}],"collection":[{"href":"https:\/\/tvtecjundiai.com.br\/news\/wp-json\/wp\/v2\/posts"}],"about":[{"href":"https:\/\/tvtecjundiai.com.br\/news\/wp-json\/wp\/v2\/types\/post"}],"author":[{"embeddable":true,"href":"https:\/\/tvtecjundiai.com.br\/news\/wp-json\/wp\/v2\/users\/10"}],"replies":[{"embeddable":true,"href":"https:\/\/tvtecjundiai.com.br\/news\/wp-json\/wp\/v2\/comments?post=27546"}],"version-history":[{"count":3,"href":"https:\/\/tvtecjundiai.com.br\/news\/wp-json\/wp\/v2\/posts\/27546\/revisions"}],"predecessor-version":[{"id":27556,"href":"https:\/\/tvtecjundiai.com.br\/news\/wp-json\/wp\/v2\/posts\/27546\/revisions\/27556"}],"wp:featuredmedia":[{"embeddable":true,"href":"https:\/\/tvtecjundiai.com.br\/news\/wp-json\/wp\/v2\/media\/27547"}],"wp:attachment":[{"href":"https:\/\/tvtecjundiai.com.br\/news\/wp-json\/wp\/v2\/media?parent=27546"}],"wp:term":[{"taxonomy":"category","embeddable":true,"href":"https:\/\/tvtecjundiai.com.br\/news\/wp-json\/wp\/v2\/categories?post=27546"},{"taxonomy":"post_tag","embeddable":true,"href":"https:\/\/tvtecjundiai.com.br\/news\/wp-json\/wp\/v2\/tags?post=27546"}],"curies":[{"name":"wp","href":"https:\/\/api.w.org\/{rel}","templated":true}]}}