{"id":27899,"date":"2019-04-01T19:13:49","date_gmt":"2019-04-01T22:13:49","guid":{"rendered":"https:\/\/tvtecjundiai.com.br\/news\/?p=27899"},"modified":"2019-04-02T17:42:40","modified_gmt":"2019-04-02T20:42:40","slug":"tvtec-abre-inscricoes-para-45-vagas-em-cursos-rapidos-gratuitos-nesta-quinta-4","status":"publish","type":"post","link":"https:\/\/tvtecjundiai.com.br\/news\/2019\/04\/01\/tvtec-abre-inscricoes-para-45-vagas-em-cursos-rapidos-gratuitos-nesta-quinta-4\/","title":{"rendered":"TVTEC abre inscri\u00e7\u00f5es para 45 vagas em workshops gratuitos na quinta (4)"},"content":{"rendered":"<p>O m\u00eas de abril come\u00e7ou trazendo mais algumas op\u00e7\u00f5es de workshops para a TVTEC, que por meio da Prefeitura de Jundia\u00ed, em parceria com o Centro Paula Souza, abre mais 45 vagas para tr\u00eas cursos r\u00e1pidos. Sendo eles: Planejamento para M\u00eddias Sociais, Grava\u00e7\u00e3o de V\u00eddeo para Celular e Curta-Metragem: do planejamento \u00e0 produ\u00e7\u00e3o. Ser\u00e3o 15 vagas para cada curso e as inscri\u00e7\u00f5es s\u00e3o online na quinta-feira (4), em link a ser divulgado no <strong><a href=\"https:\/\/www.facebook.com\/events\/2255855404453809\/\">evento oficial do Facebook<\/a><\/strong>.<\/p>\n<div id=\"attachment_27919\" style=\"width: 510px\" class=\"wp-caption alignright\"><a href=\"https:\/\/tvtecjundiai.com.br\/news\/wp-content\/uploads\/sites\/2\/2019\/04\/photo-3712715_1920-e1554156804456.jpg\"><img loading=\"lazy\" decoding=\"async\" aria-describedby=\"caption-attachment-27919\" class=\"wp-image-27919\" src=\"https:\/\/tvtecjundiai.com.br\/news\/wp-content\/uploads\/sites\/2\/2019\/04\/photo-3712715_1920-e1554156804456-300x187.jpg\" alt=\"\" width=\"500\" height=\"312\" srcset=\"https:\/\/tvtecjundiai.com.br\/news\/wp-content\/uploads\/sites\/2\/2019\/04\/photo-3712715_1920-e1554156804456-300x187.jpg 300w, https:\/\/tvtecjundiai.com.br\/news\/wp-content\/uploads\/sites\/2\/2019\/04\/photo-3712715_1920-e1554156804456-768x480.jpg 768w, https:\/\/tvtecjundiai.com.br\/news\/wp-content\/uploads\/sites\/2\/2019\/04\/photo-3712715_1920-e1554156804456-1200x749.jpg 1200w, https:\/\/tvtecjundiai.com.br\/news\/wp-content\/uploads\/sites\/2\/2019\/04\/photo-3712715_1920-e1554156804456.jpg 1483w\" sizes=\"auto, (max-width: 500px) 100vw, 500px\" \/><\/a><p id=\"caption-attachment-27919\" class=\"wp-caption-text\">O workshop de Grava\u00e7\u00e3o de V\u00eddeo para Celular \u00e9 uma das novidades da TVTEC no m\u00eas de abril<\/p><\/div>\n<p>Com cargas hor\u00e1rias que variam de 4 a 6 horas, os encontros ocorrem semanalmente, conforme a grade e, ao final, todos os alunos recebem certificado de conclus\u00e3o.<\/p>\n<p>Como destaca o Prefeito Luiz Fernando Machado, hoje, a tev\u00ea segue como uma escola de audiovisual e tecnologias digitais, alinhada \u00e0 proposta de cidade conectada, com o objetivo de oferecer forma\u00e7\u00e3o e qualifica\u00e7\u00e3o para o cidad\u00e3o. &#8220;A TVTEC vem nesta esteira de valorizar tudo aquilo que est\u00e1 associado \u00e0 economia criativa\u201d, afirma.<\/p>\n<p>J\u00e1 a Superintendente M\u00f4nica Gropelo, conta que atualmente a tev\u00ea se mant\u00e9m por meio de uma converg\u00eancia de conte\u00fados. &#8220;Essa parceria com o Centro Paula Souza \u00e9 muito importante. N\u00f3s conseguimos abrir um leque de oportunidades que n\u00e3o se v\u00ea no Brasil!&#8221;, explica.<\/p>\n<p><strong>Sobre os cursos r\u00e1pidos<\/strong><\/p>\n<p>As aulas do workshop de Curta-Metragem: do planejamento \u00e0 produ\u00e7\u00e3o, acontecem nos dias 9 e 11 de abril, das 13h30 \u00e0s 16h30. Grava\u00e7\u00e3o de v\u00eddeo para celular, dias 10 e 12 de abril, das 9h \u00e0s 12h. E o de Planejamento de Conte\u00fado para M\u00eddias Sociais: dias 15 e 17 de abril, das 19h \u00e0s 22h.<\/p>\n<p><strong>Inscri\u00e7\u00f5es<\/strong><\/p>\n<p>Para se inscrever, \u00e9 necess\u00e1rio ter 18 anos ou mais e residir em Jundia\u00ed. No primeiro dia de aula o aluno deve estar munido de <strong>original e c\u00f3pia de documento com foto e comprovante de endere\u00e7o, que necessariamente deve ser o carn\u00ea de IPTU, ou uma conta de \u00e1gua, ou luz ou telefone (que seja um dos \u00faltimos tr\u00eas meses, contados a partir da data de abertura da inscri\u00e7\u00e3o) em nome do aluno<\/strong>\u00a0ou:<\/p>\n<ul>\n<li>C\u00f3pia do RG ou Certid\u00e3o de Nascimento: quando o comprovante estiver em nome dos pais;<\/li>\n<li>C\u00f3pia da Certid\u00e3o de Casamento: quando o comprovante estiver em nome do c\u00f4njuge;<\/li>\n<li>C\u00f3pia do Contrato de Loca\u00e7\u00e3o: quando o contrato estiver em nome do aluno;<\/li>\n<li>C\u00f3pia do Contrato de Loca\u00e7\u00e3o + Certid\u00e3o de Casamento: quando o contrato estiver em nome do c\u00f4njuge;<\/li>\n<li>Caso o candidato resida na casa de um terceiro, ele dever\u00e1 preencher a \u201cDeclara\u00e7\u00e3o de Resid\u00eancia para Terceiro\u201d e trazer c\u00f3pias dos documentos do terceiro (RG, CPF ou CNH).<\/li>\n<\/ul>\n<p><em>(Imagem: Pixabay)<\/em><\/p>\n","protected":false},"excerpt":{"rendered":"<p>Cada curso tem 15 vagas e as inscri\u00e7\u00f5es online ser\u00e3o na quinta-feira (4) <\/p>\n","protected":false},"author":13,"featured_media":27927,"comment_status":"closed","ping_status":"closed","sticky":false,"template":"","format":"standard","meta":{"footnotes":""},"categories":[2834,2832,29,2829,2828,5038,1],"tags":[702,882],"class_list":["post-27899","post","type-post","status-publish","format-standard","has-post-thumbnail","hentry","category-cidades","category-cursos","category-destaque","category-economia","category-educacao","category-emprego","category-noticias","tag-tvtec-jundiai","tag-workshops"],"_links":{"self":[{"href":"https:\/\/tvtecjundiai.com.br\/news\/wp-json\/wp\/v2\/posts\/27899","targetHints":{"allow":["GET"]}}],"collection":[{"href":"https:\/\/tvtecjundiai.com.br\/news\/wp-json\/wp\/v2\/posts"}],"about":[{"href":"https:\/\/tvtecjundiai.com.br\/news\/wp-json\/wp\/v2\/types\/post"}],"author":[{"embeddable":true,"href":"https:\/\/tvtecjundiai.com.br\/news\/wp-json\/wp\/v2\/users\/13"}],"replies":[{"embeddable":true,"href":"https:\/\/tvtecjundiai.com.br\/news\/wp-json\/wp\/v2\/comments?post=27899"}],"version-history":[{"count":17,"href":"https:\/\/tvtecjundiai.com.br\/news\/wp-json\/wp\/v2\/posts\/27899\/revisions"}],"predecessor-version":[{"id":27993,"href":"https:\/\/tvtecjundiai.com.br\/news\/wp-json\/wp\/v2\/posts\/27899\/revisions\/27993"}],"wp:featuredmedia":[{"embeddable":true,"href":"https:\/\/tvtecjundiai.com.br\/news\/wp-json\/wp\/v2\/media\/27927"}],"wp:attachment":[{"href":"https:\/\/tvtecjundiai.com.br\/news\/wp-json\/wp\/v2\/media?parent=27899"}],"wp:term":[{"taxonomy":"category","embeddable":true,"href":"https:\/\/tvtecjundiai.com.br\/news\/wp-json\/wp\/v2\/categories?post=27899"},{"taxonomy":"post_tag","embeddable":true,"href":"https:\/\/tvtecjundiai.com.br\/news\/wp-json\/wp\/v2\/tags?post=27899"}],"curies":[{"name":"wp","href":"https:\/\/api.w.org\/{rel}","templated":true}]}}