{"id":27972,"date":"2019-04-02T16:00:36","date_gmt":"2019-04-02T19:00:36","guid":{"rendered":"https:\/\/tvtecjundiai.com.br\/news\/?p=27972"},"modified":"2019-04-02T16:00:36","modified_gmt":"2019-04-02T19:00:36","slug":"maxi-shopping-jundiai-tem-feira-do-livro-de-3-de-abril-a-12-de-maio","status":"publish","type":"post","link":"https:\/\/tvtecjundiai.com.br\/news\/2019\/04\/02\/maxi-shopping-jundiai-tem-feira-do-livro-de-3-de-abril-a-12-de-maio\/","title":{"rendered":"Maxi Shopping Jundia\u00ed tem Feira do Livro de 3 de abril a 12 de maio"},"content":{"rendered":"<p>A Livraria Leitura realiza a Feira do Livro no Maxi Shopping Jundia\u00ed, no per\u00edodo de 3 de abril a 12 de maio. O evento abriga mais de 500 t\u00edtulos com conte\u00fado infantil, infantojuvenil e adulto, como f\u00e1bulas, romances, fic\u00e7\u00e3o e suspense. A iniciativa tem como objetivo expandir o interesse e o h\u00e1bito pela leitura.<\/p>\n<div id=\"attachment_27982\" style=\"width: 510px\" class=\"wp-caption alignright\"><a href=\"https:\/\/tvtecjundiai.com.br\/news\/wp-content\/uploads\/sites\/2\/2019\/04\/Maxi-Feira-do-Livro-Livraria-Leitura-2018-1.jpg\"><img loading=\"lazy\" decoding=\"async\" aria-describedby=\"caption-attachment-27982\" class=\"wp-image-27982\" src=\"https:\/\/tvtecjundiai.com.br\/news\/wp-content\/uploads\/sites\/2\/2019\/04\/Maxi-Feira-do-Livro-Livraria-Leitura-2018-1-300x169.jpg\" alt=\"\" width=\"500\" height=\"281\" srcset=\"https:\/\/tvtecjundiai.com.br\/news\/wp-content\/uploads\/sites\/2\/2019\/04\/Maxi-Feira-do-Livro-Livraria-Leitura-2018-1-300x169.jpg 300w, https:\/\/tvtecjundiai.com.br\/news\/wp-content\/uploads\/sites\/2\/2019\/04\/Maxi-Feira-do-Livro-Livraria-Leitura-2018-1-768x432.jpg 768w, https:\/\/tvtecjundiai.com.br\/news\/wp-content\/uploads\/sites\/2\/2019\/04\/Maxi-Feira-do-Livro-Livraria-Leitura-2018-1-1200x675.jpg 1200w, https:\/\/tvtecjundiai.com.br\/news\/wp-content\/uploads\/sites\/2\/2019\/04\/Maxi-Feira-do-Livro-Livraria-Leitura-2018-1.jpg 1280w\" sizes=\"auto, (max-width: 500px) 100vw, 500px\" \/><\/a><p id=\"caption-attachment-27982\" class=\"wp-caption-text\">P\u00fablico encontrar\u00e1 livros com valores que variam de R$ 5 a R$ 100<\/p><\/div>\n<p>A Feira acontece de segunda a s\u00e1bado, das 10h \u00e0s 22h e, aos domingos e feriados, das 14h \u00e0s 20h. No local, o p\u00fablico encontrar\u00e1 livros com valores que variam de R$ 5 a R$ 100.<\/p>\n<p>Al\u00e9m disso, as crian\u00e7as v\u00e3o poder curtir uma programa\u00e7\u00e3o de eventos especiais com a professora Elaine Alves, do Espa\u00e7o Culturando, que engloba Conta\u00e7\u00e3o de Hist\u00f3rias com M\u00fasica, todos os s\u00e1bados e domingos, das 15h30 \u00e0s 16h30.<\/p>\n<p>Programa\u00e7\u00e3o<\/p>\n<ul>\n<li>6 e 7\/4 \u2013 \u201cA Flauta, o Menino e o Gigante\u201d (um menino consegue fazer o imposs\u00edvel quando tem coragem e persist\u00eancia);<\/li>\n<li>13 e 14\/4 &#8211; \u201cTudo Bem Cometer Erros\u201d (\u00e9 poss\u00edvel lidar com os erros e importante como aprendizado para todos);<\/li>\n<li>20 e 21\/4 \u2013 \u201cEu n\u00e3o tenho Medo\u201d (incentiva a coragem e desmistifica o medo); 27 e 28\/4 \u2013 \u201cTrava L\u00ednguas\u201d (o lado divertido da dificuldade da l\u00edngua portuguesa);<\/li>\n<li>4 e 5\/5 \u2013 \u201cBrincadeira de Sombra\u201d (no jogo da descoberta das luzes e das sombras, de aparecer e sumir, de diminuir e crescer, de correr e parar, de sua pr\u00f3pria sombra);<\/li>\n<li>11 e 12\/5 \u2013 \u201cO Livro da Gratid\u00e3o\u201d (para tratar a import\u00e2ncia do tema e em agradecimento ao Dia das M\u00e3es).<\/li>\n<\/ul>\n<p><em>(Assessoria de Imprensa)<\/em><\/p>\n","protected":false},"excerpt":{"rendered":"<p>Evento abriga mais de 500 t\u00edtulos com conte\u00fado infantil, infantojuvenil e adulto<\/p>\n","protected":false},"author":10,"featured_media":21033,"comment_status":"closed","ping_status":"closed","sticky":false,"template":"","format":"standard","meta":{"footnotes":""},"categories":[2833,1,2824],"tags":[],"class_list":["post-27972","post","type-post","status-publish","format-standard","has-post-thumbnail","hentry","category-cultura","category-noticias","category-variedades"],"_links":{"self":[{"href":"https:\/\/tvtecjundiai.com.br\/news\/wp-json\/wp\/v2\/posts\/27972","targetHints":{"allow":["GET"]}}],"collection":[{"href":"https:\/\/tvtecjundiai.com.br\/news\/wp-json\/wp\/v2\/posts"}],"about":[{"href":"https:\/\/tvtecjundiai.com.br\/news\/wp-json\/wp\/v2\/types\/post"}],"author":[{"embeddable":true,"href":"https:\/\/tvtecjundiai.com.br\/news\/wp-json\/wp\/v2\/users\/10"}],"replies":[{"embeddable":true,"href":"https:\/\/tvtecjundiai.com.br\/news\/wp-json\/wp\/v2\/comments?post=27972"}],"version-history":[{"count":2,"href":"https:\/\/tvtecjundiai.com.br\/news\/wp-json\/wp\/v2\/posts\/27972\/revisions"}],"predecessor-version":[{"id":27983,"href":"https:\/\/tvtecjundiai.com.br\/news\/wp-json\/wp\/v2\/posts\/27972\/revisions\/27983"}],"wp:featuredmedia":[{"embeddable":true,"href":"https:\/\/tvtecjundiai.com.br\/news\/wp-json\/wp\/v2\/media\/21033"}],"wp:attachment":[{"href":"https:\/\/tvtecjundiai.com.br\/news\/wp-json\/wp\/v2\/media?parent=27972"}],"wp:term":[{"taxonomy":"category","embeddable":true,"href":"https:\/\/tvtecjundiai.com.br\/news\/wp-json\/wp\/v2\/categories?post=27972"},{"taxonomy":"post_tag","embeddable":true,"href":"https:\/\/tvtecjundiai.com.br\/news\/wp-json\/wp\/v2\/tags?post=27972"}],"curies":[{"name":"wp","href":"https:\/\/api.w.org\/{rel}","templated":true}]}}