{"id":28327,"date":"2019-04-09T11:39:59","date_gmt":"2019-04-09T14:39:59","guid":{"rendered":"https:\/\/tvtecjundiai.com.br\/news\/?p=28327"},"modified":"2019-04-09T11:39:59","modified_gmt":"2019-04-09T14:39:59","slug":"jundiai-recebe-espetaculo-humanos-anonimos-em-abril","status":"publish","type":"post","link":"https:\/\/tvtecjundiai.com.br\/news\/2019\/04\/09\/jundiai-recebe-espetaculo-humanos-anonimos-em-abril\/","title":{"rendered":"Jundia\u00ed recebe espet\u00e1culo Humanos An\u00f4nimos em abril"},"content":{"rendered":"<p>O Ballet Teatro Oficina recebe, de 5 a 20 de abril, apresenta\u00e7\u00f5es do espet\u00e1culo &#8220;Humanos An\u00f4nimos&#8221;, inspirado em quatro personagens do livro \u201cA vida que ningu\u00e9m v\u00ea\u201d de Eliane Brum. As apresenta\u00e7\u00f5es ocorrem sempre \u00e0s sextas e s\u00e1bados no espa\u00e7o que est\u00e1 localizado na rua Aboli\u00e7\u00e3o, 200, Vila Torres Neves, em Jundia\u00ed.<\/p>\n<p><a href=\"https:\/\/tvtecjundiai.com.br\/news\/wp-content\/uploads\/sites\/2\/2019\/04\/foto3.jpeg\"><img loading=\"lazy\" decoding=\"async\" class=\"alignleft wp-image-28328\" src=\"https:\/\/tvtecjundiai.com.br\/news\/wp-content\/uploads\/sites\/2\/2019\/04\/foto3-300x200.jpeg\" alt=\"\" width=\"400\" height=\"267\" srcset=\"https:\/\/tvtecjundiai.com.br\/news\/wp-content\/uploads\/sites\/2\/2019\/04\/foto3-300x200.jpeg 300w, https:\/\/tvtecjundiai.com.br\/news\/wp-content\/uploads\/sites\/2\/2019\/04\/foto3-768x512.jpeg 768w, https:\/\/tvtecjundiai.com.br\/news\/wp-content\/uploads\/sites\/2\/2019\/04\/foto3-1200x800.jpeg 1200w, https:\/\/tvtecjundiai.com.br\/news\/wp-content\/uploads\/sites\/2\/2019\/04\/foto3.jpeg 1280w\" sizes=\"auto, (max-width: 400px) 100vw, 400px\" \/><\/a>&#8220;Humanos An\u00f4nimos&#8221; \u00e9 a nova montagem do Grupo Perform\u00e1tico \u00c9os e pretende trazer quatro atores em mon\u00f3logos distintos e suas interpreta\u00e7\u00f5es a cerca dessas incr\u00edveis pessoas retratadas de forma po\u00e9tica pela autora.<\/p>\n<p>Cada hist\u00f3ria ser\u00e1 transformada em cena, propondo uma reflex\u00e3o ao voltar nossos olhares para os humanos an\u00f4nimos que permeiam o imagin\u00e1rio e criam, \u00e0 sua maneira, uma marca em suas comunidades.<\/p>\n<p>Ap\u00f3s a primeira temporada, o grupo far\u00e1 apresenta\u00e7\u00f5es em Festivais, Mostras, Virada Cultural, Teatros SESC e SESI, e participa\u00e7\u00e3o em diversos editais de cultura do Brasil.<\/p>\n<p><em>(Assessoria de Imprensa)<\/em><\/p>\n","protected":false},"excerpt":{"rendered":"<p>As apresenta\u00e7\u00f5es ocorrem sempre \u00e0s sextas e s\u00e1bados no Ballet Teatro Oficina<\/p>\n","protected":false},"author":10,"featured_media":28328,"comment_status":"closed","ping_status":"closed","sticky":false,"template":"","format":"standard","meta":{"footnotes":""},"categories":[2834,2833,3076,2824],"tags":[],"class_list":["post-28327","post","type-post","status-publish","format-standard","has-post-thumbnail","hentry","category-cidades","category-cultura","category-entretenimento","category-variedades"],"_links":{"self":[{"href":"https:\/\/tvtecjundiai.com.br\/news\/wp-json\/wp\/v2\/posts\/28327","targetHints":{"allow":["GET"]}}],"collection":[{"href":"https:\/\/tvtecjundiai.com.br\/news\/wp-json\/wp\/v2\/posts"}],"about":[{"href":"https:\/\/tvtecjundiai.com.br\/news\/wp-json\/wp\/v2\/types\/post"}],"author":[{"embeddable":true,"href":"https:\/\/tvtecjundiai.com.br\/news\/wp-json\/wp\/v2\/users\/10"}],"replies":[{"embeddable":true,"href":"https:\/\/tvtecjundiai.com.br\/news\/wp-json\/wp\/v2\/comments?post=28327"}],"version-history":[{"count":1,"href":"https:\/\/tvtecjundiai.com.br\/news\/wp-json\/wp\/v2\/posts\/28327\/revisions"}],"predecessor-version":[{"id":28329,"href":"https:\/\/tvtecjundiai.com.br\/news\/wp-json\/wp\/v2\/posts\/28327\/revisions\/28329"}],"wp:featuredmedia":[{"embeddable":true,"href":"https:\/\/tvtecjundiai.com.br\/news\/wp-json\/wp\/v2\/media\/28328"}],"wp:attachment":[{"href":"https:\/\/tvtecjundiai.com.br\/news\/wp-json\/wp\/v2\/media?parent=28327"}],"wp:term":[{"taxonomy":"category","embeddable":true,"href":"https:\/\/tvtecjundiai.com.br\/news\/wp-json\/wp\/v2\/categories?post=28327"},{"taxonomy":"post_tag","embeddable":true,"href":"https:\/\/tvtecjundiai.com.br\/news\/wp-json\/wp\/v2\/tags?post=28327"}],"curies":[{"name":"wp","href":"https:\/\/api.w.org\/{rel}","templated":true}]}}