{"id":2994,"date":"2017-11-16T16:12:26","date_gmt":"2017-11-16T18:12:26","guid":{"rendered":"https:\/\/tvtecjundiai.com.br\/news\/?p=2994"},"modified":"2017-11-16T16:15:19","modified_gmt":"2017-11-16T18:15:19","slug":"cidades-dae-pavimenta-trecho-de-rua-onde-realizou-servicos","status":"publish","type":"post","link":"https:\/\/tvtecjundiai.com.br\/news\/2017\/11\/16\/cidades-dae-pavimenta-trecho-de-rua-onde-realizou-servicos\/","title":{"rendered":"Cidades: DAE pavimenta trecho de rua onde realizou servi\u00e7os"},"content":{"rendered":"<p>A DAE Jundia\u00ed encerrou, nesta segunda-feira (13), as obras nas redes de esgoto e de galerias pluviais na rua Professor Jos\u00e9 Leme do Prado, no Jardim Primavera. Todo o trecho que passou por interven\u00e7\u00e3o recebeu novo asfalto.<\/p>\n<div id=\"attachment_2995\" style=\"width: 382px\" class=\"wp-caption alignright\"><a href=\"https:\/\/tvtecjundiai.com.br\/news\/wp-content\/uploads\/sites\/2\/2017\/11\/dae-obra.jpg\"><img loading=\"lazy\" decoding=\"async\" aria-describedby=\"caption-attachment-2995\" class=\"wp-image-2995 \" src=\"https:\/\/tvtecjundiai.com.br\/news\/wp-content\/uploads\/sites\/2\/2017\/11\/dae-obra-300x199.jpg\" alt=\"\" width=\"372\" height=\"247\" srcset=\"https:\/\/tvtecjundiai.com.br\/news\/wp-content\/uploads\/sites\/2\/2017\/11\/dae-obra-300x199.jpg 300w, https:\/\/tvtecjundiai.com.br\/news\/wp-content\/uploads\/sites\/2\/2017\/11\/dae-obra-768x509.jpg 768w, https:\/\/tvtecjundiai.com.br\/news\/wp-content\/uploads\/sites\/2\/2017\/11\/dae-obra-1200x795.jpg 1200w, https:\/\/tvtecjundiai.com.br\/news\/wp-content\/uploads\/sites\/2\/2017\/11\/dae-obra.jpg 1280w\" sizes=\"auto, (max-width: 372px) 100vw, 372px\" \/><\/a><p id=\"caption-attachment-2995\" class=\"wp-caption-text\">O trecho da Rua Jos\u00e9 Leme do Prado, que passou por interven\u00e7\u00e3o, recebeu novo asfalto<\/p><\/div>\n<p><strong>LEIA TAMB\u00c9M<\/strong><br \/>\n<a href=\"https:\/\/www.jundiai.sp.gov.br\/noticias\/2017\/11\/16\/o-que-abre-e-fecha-no-feriado-da-consciencia-negra\/\" target=\"_blank\" rel=\"noopener\">O que abre e fecha no feriado da Consci\u00eancia Negra<\/a><\/p>\n<p>Como no local existem duas adutoras, fibra \u00f3ptica, redes de g\u00e1s e de telefonia, a obra teve de ser realizada por trechos, de modo a garantir a seguran\u00e7a do local e a integridade f\u00edsica dos servidores que ali trabalharam.<\/p>\n<p>Uma for\u00e7a-tarefa foi organizada para trabalhar na rua, de modo a agilizar o servi\u00e7o. Na \u00faltima semana, uma camada asf\u00e1ltica foi aplicada como medida para a prote\u00e7\u00e3o da valeta aberta em virtude das obras. A capa final de pavimento foi aplicada nesta segunda-feira.<\/p>\n<p><em>Fonte: Prefeitura de Jundia\u00ed<\/em><\/p>\n","protected":false},"excerpt":{"rendered":"<p>Os obras de constru\u00e7\u00e3o de galeria foram conclu\u00eddas pela DAE<\/p>\n","protected":false},"author":8,"featured_media":0,"comment_status":"closed","ping_status":"closed","sticky":false,"template":"","format":"standard","meta":{"footnotes":""},"categories":[1],"tags":[94,1188,1530,750],"class_list":["post-2994","post","type-post","status-publish","format-standard","hentry","category-noticias","tag-dae","tag-jardim-primavera","tag-jose-leme-do-prado","tag-obras"],"_links":{"self":[{"href":"https:\/\/tvtecjundiai.com.br\/news\/wp-json\/wp\/v2\/posts\/2994","targetHints":{"allow":["GET"]}}],"collection":[{"href":"https:\/\/tvtecjundiai.com.br\/news\/wp-json\/wp\/v2\/posts"}],"about":[{"href":"https:\/\/tvtecjundiai.com.br\/news\/wp-json\/wp\/v2\/types\/post"}],"author":[{"embeddable":true,"href":"https:\/\/tvtecjundiai.com.br\/news\/wp-json\/wp\/v2\/users\/8"}],"replies":[{"embeddable":true,"href":"https:\/\/tvtecjundiai.com.br\/news\/wp-json\/wp\/v2\/comments?post=2994"}],"version-history":[{"count":3,"href":"https:\/\/tvtecjundiai.com.br\/news\/wp-json\/wp\/v2\/posts\/2994\/revisions"}],"predecessor-version":[{"id":3000,"href":"https:\/\/tvtecjundiai.com.br\/news\/wp-json\/wp\/v2\/posts\/2994\/revisions\/3000"}],"wp:attachment":[{"href":"https:\/\/tvtecjundiai.com.br\/news\/wp-json\/wp\/v2\/media?parent=2994"}],"wp:term":[{"taxonomy":"category","embeddable":true,"href":"https:\/\/tvtecjundiai.com.br\/news\/wp-json\/wp\/v2\/categories?post=2994"},{"taxonomy":"post_tag","embeddable":true,"href":"https:\/\/tvtecjundiai.com.br\/news\/wp-json\/wp\/v2\/tags?post=2994"}],"curies":[{"name":"wp","href":"https:\/\/api.w.org\/{rel}","templated":true}]}}