{"id":3078,"date":"2017-11-19T11:53:32","date_gmt":"2017-11-19T13:53:32","guid":{"rendered":"https:\/\/tvtecjundiai.com.br\/news\/?p=3078"},"modified":"2017-11-19T11:55:24","modified_gmt":"2017-11-19T13:55:24","slug":"cidades-gmj-completa-68-anos-com-varios-eventos","status":"publish","type":"post","link":"https:\/\/tvtecjundiai.com.br\/news\/2017\/11\/19\/cidades-gmj-completa-68-anos-com-varios-eventos\/","title":{"rendered":"Cidades: Guarda Municipal de Jundia\u00ed completa 68 anos com v\u00e1rios eventos"},"content":{"rendered":"<p>Novembro \u00e9 m\u00eas de festa para a Guarda Municipal de Jundia\u00ed (GMJ), que vai completar 68 anos de exist\u00eancia no dia 24. Por conta disso, a pr\u00f3xima semana\u00a0conta uma programa\u00e7\u00e3o extensa de atividades para a \u201cFam\u00edlia Azul Marinho\u201d.<\/p>\n<p><strong><a href=\"https:\/\/www.jundiai.sp.gov.br\/noticias\/wp-content\/uploads\/sites\/32\/2017\/11\/cerimonial-68-anos-gmj_assessoria_gab_prefeito_atualizada.pdf\" target=\"_blank\" rel=\"noopener noreferrer\">VEJA A PROGRAMA\u00c7\u00c3O COMPLETA<\/a><\/strong><\/p>\n<div id=\"attachment_3079\" style=\"width: 970px\" class=\"wp-caption aligncenter\"><a href=\"https:\/\/tvtecjundiai.com.br\/news\/wp-content\/uploads\/sites\/2\/2017\/11\/guarda-municipal.jpg\"><img loading=\"lazy\" decoding=\"async\" aria-describedby=\"caption-attachment-3079\" class=\"wp-image-3079 size-full\" src=\"https:\/\/tvtecjundiai.com.br\/news\/wp-content\/uploads\/sites\/2\/2017\/11\/guarda-municipal.jpg\" alt=\"\" width=\"960\" height=\"720\" srcset=\"https:\/\/tvtecjundiai.com.br\/news\/wp-content\/uploads\/sites\/2\/2017\/11\/guarda-municipal.jpg 960w, https:\/\/tvtecjundiai.com.br\/news\/wp-content\/uploads\/sites\/2\/2017\/11\/guarda-municipal-300x225.jpg 300w, https:\/\/tvtecjundiai.com.br\/news\/wp-content\/uploads\/sites\/2\/2017\/11\/guarda-municipal-768x576.jpg 768w\" sizes=\"auto, (max-width: 960px) 100vw, 960px\" \/><\/a><p id=\"caption-attachment-3079\" class=\"wp-caption-text\">H\u00e1 68 anos a GMJ combate o mal, defende o bem, socorre a todos, sem olhar a quem: \u00e9 refer\u00eancia na regi\u00e3o<\/p><\/div>\n<p>As comemora\u00e7\u00f5es t\u00eam in\u00edcio com a confraterniza\u00e7\u00e3o no dia 19 (domingo), para guardas municipais e familiares. Outras atividades dar\u00e3o sequ\u00eancia \u00e0 programa\u00e7\u00e3o festiva:<\/p>\n<p><strong>Dia 21 (ter\u00e7a-feira)<\/strong><br \/>\n<strong> Apresenta\u00e7\u00e3o da Especializada Canil \u2013 equipes de showdog<\/strong><br \/>\nHor\u00e1rio: 9h \u00e0s 11h30<br \/>\nLocal: Pra\u00e7a Governador Pedro de Toledo (Pra\u00e7a da Matriz)<\/p>\n<p><strong>Dia 22 (quarta-feira)<\/strong><br \/>\n<strong> Competi\u00e7\u00e3o de Tiro ao Alvo<\/strong><br \/>\nHor\u00e1rio: 8h ao meio dia<br \/>\nLocal: Estande de tiro credenciado<\/p>\n<p><strong>Curso Canil \u2013 Fundamentos do Treinamento Canino com Clicker<\/strong><br \/>\nHor\u00e1rio: 8h \u00e0s 17h<br \/>\nPalestrantes: Regina Yoko Aoki (m\u00e9dica veterin\u00e1ria) e F\u00e1tima Maria da Concei\u00e7\u00e3o Neves (adestradora)<br \/>\nLocal: Sede da GMJ \u2013 Sala de Instru\u00e7\u00e3o Luiz Fernando de Oliveira (GM Oliveirinha)<\/p>\n<p><strong>Dia 23 (quinta-feira)<\/strong><br \/>\n<strong> Curso Canil \u2013 Fundamentos do Treinamento Canino com Clicker<\/strong><br \/>\nHor\u00e1rio: 8h \u00e0s 17h<br \/>\nPalestrantes: Regina Yoko Aoki (m\u00e9dica veterin\u00e1ria) e F\u00e1tima Maria da Concei\u00e7\u00e3o Neves (adestradora)<br \/>\nLocal: Sede da GMJ \u2013 Sala de Instru\u00e7\u00e3o Luiz Fernando de Oliveira (GM Oliveirinha)<\/p>\n<p><strong>Semin\u00e1rio de Seguran\u00e7a Comunit\u00e1ria do Aglomerado Urbano<\/strong><br \/>\nHor\u00e1rio: 9h \u00e0s 13h<br \/>\nLocal: Escola Superior de Educa\u00e7\u00e3o F\u00edsica de Jundia\u00ed (Esef)<\/p>\n<p><strong>Dia 24 (sexta-feira)<\/strong><br \/>\n<strong> Curso Canil \u2013 Fundamentos do Treinamento Canino com Clicker<\/strong><br \/>\nHor\u00e1rio: 8h \u00e0s 17h<br \/>\nPalestrantes: Regina Yoko Aoki (m\u00e9dica veterin\u00e1ria) e F\u00e1tima Maria da Concei\u00e7\u00e3o Neves (adestradora)<br \/>\nLocal: Sede da GMJ \u2013 Sala de Instru\u00e7\u00e3o Luiz Fernando de Oliveira (GM Oliveirinha)<\/p>\n<p><strong>Cerim\u00f4nia oficial comemorativa ao 68\u00ba anivers\u00e1rio da Guarda Municipal de Jundia\u00ed, com a entrega da Medalha Vasco Ant\u00f4nio Venchiarutti<\/strong><br \/>\nHor\u00e1rio: Das 9h ao meio-dia<br \/>\nLocal: C\u00e2mara Municipal de Jundia\u00ed<\/p>\n<p><strong>Baile de Gala \u2013 Jubileu de Chumbo<\/strong><br \/>\nHor\u00e1rio: 21h<br \/>\nLocal: Espa\u00e7o M, no Sindicato dos Metal\u00fargicos de Jundia\u00ed<\/p>\n<p><em>Fonte: Prefeitura de Jundia\u00ed<\/em><\/p>\n","protected":false},"excerpt":{"rendered":"<p>Diferentes atra\u00e7\u00f5es v\u00e3o do domingo (19) \u00e0 pr\u00f3xima sexta-feira (24)<\/p>\n","protected":false},"author":6,"featured_media":3080,"comment_status":"closed","ping_status":"closed","sticky":false,"template":"","format":"standard","meta":{"footnotes":""},"categories":[29,1],"tags":[1570,1566,1569,1567,1568,174,5],"class_list":["post-3078","post","type-post","status-publish","format-standard","has-post-thumbnail","hentry","category-destaque","category-noticias","tag-68-anos","tag-aniversario-da-gm","tag-canil-da-guarda","tag-gmj","tag-guarda","tag-guarda-municipal","tag-jundiai"],"_links":{"self":[{"href":"https:\/\/tvtecjundiai.com.br\/news\/wp-json\/wp\/v2\/posts\/3078","targetHints":{"allow":["GET"]}}],"collection":[{"href":"https:\/\/tvtecjundiai.com.br\/news\/wp-json\/wp\/v2\/posts"}],"about":[{"href":"https:\/\/tvtecjundiai.com.br\/news\/wp-json\/wp\/v2\/types\/post"}],"author":[{"embeddable":true,"href":"https:\/\/tvtecjundiai.com.br\/news\/wp-json\/wp\/v2\/users\/6"}],"replies":[{"embeddable":true,"href":"https:\/\/tvtecjundiai.com.br\/news\/wp-json\/wp\/v2\/comments?post=3078"}],"version-history":[{"count":4,"href":"https:\/\/tvtecjundiai.com.br\/news\/wp-json\/wp\/v2\/posts\/3078\/revisions"}],"predecessor-version":[{"id":3084,"href":"https:\/\/tvtecjundiai.com.br\/news\/wp-json\/wp\/v2\/posts\/3078\/revisions\/3084"}],"wp:featuredmedia":[{"embeddable":true,"href":"https:\/\/tvtecjundiai.com.br\/news\/wp-json\/wp\/v2\/media\/3080"}],"wp:attachment":[{"href":"https:\/\/tvtecjundiai.com.br\/news\/wp-json\/wp\/v2\/media?parent=3078"}],"wp:term":[{"taxonomy":"category","embeddable":true,"href":"https:\/\/tvtecjundiai.com.br\/news\/wp-json\/wp\/v2\/categories?post=3078"},{"taxonomy":"post_tag","embeddable":true,"href":"https:\/\/tvtecjundiai.com.br\/news\/wp-json\/wp\/v2\/tags?post=3078"}],"curies":[{"name":"wp","href":"https:\/\/api.w.org\/{rel}","templated":true}]}}