{"id":30796,"date":"2019-05-20T11:18:53","date_gmt":"2019-05-20T14:18:53","guid":{"rendered":"https:\/\/tvtecjundiai.com.br\/news\/?p=30796"},"modified":"2019-05-20T12:15:09","modified_gmt":"2019-05-20T15:15:09","slug":"ana-botafogo-sera-jurada-na-23o-festival-enredanca-em-jundiai4","status":"publish","type":"post","link":"https:\/\/tvtecjundiai.com.br\/news\/2019\/05\/20\/ana-botafogo-sera-jurada-na-23o-festival-enredanca-em-jundiai4\/","title":{"rendered":"Ana Botafogo dar\u00e1 aula na 23\u00ba Festival Enredan\u00e7a em Jundia\u00ed"},"content":{"rendered":"<div id=\"attachment_30804\" style=\"width: 310px\" class=\"wp-caption alignleft\"><a href=\"https:\/\/tvtecjundiai.com.br\/news\/wp-content\/uploads\/sites\/2\/2019\/05\/d8dce46be125239a28e7db52b4468a84-1.jpg\"><img loading=\"lazy\" decoding=\"async\" aria-describedby=\"caption-attachment-30804\" class=\"wp-image-30804 size-medium\" src=\"https:\/\/tvtecjundiai.com.br\/news\/wp-content\/uploads\/sites\/2\/2019\/05\/d8dce46be125239a28e7db52b4468a84-1-300x282.jpg\" alt=\"\" width=\"300\" height=\"282\" srcset=\"https:\/\/tvtecjundiai.com.br\/news\/wp-content\/uploads\/sites\/2\/2019\/05\/d8dce46be125239a28e7db52b4468a84-1-300x282.jpg 300w, https:\/\/tvtecjundiai.com.br\/news\/wp-content\/uploads\/sites\/2\/2019\/05\/d8dce46be125239a28e7db52b4468a84-1.jpg 590w\" sizes=\"auto, (max-width: 300px) 100vw, 300px\" \/><\/a><p id=\"caption-attachment-30804\" class=\"wp-caption-text\">Ana Botafogo \u00e9 Diretora de Bal\u00e9 do Theatro Municipal<\/p><\/div>\n<p>O tradicional Festival Enreda\u00e7a chegou de volta a Jundia\u00ed durante o m\u00eas de maio, para a sua 23\u00aa edi\u00e7\u00e3o. Desde 2017, ap\u00f3s 11 anos sem realiza\u00e7\u00e3o, o evento tem a proposta de fomentar as atividades e a troca de experi\u00eancias entre bailarinos, grupos e academias de dan\u00e7a, al\u00e9m da descentraliza\u00e7\u00e3o das manifesta\u00e7\u00f5es culturais e a promo\u00e7\u00e3o de oficinas e workshops com diversos g\u00eaneros, com a participa\u00e7\u00e3o de core\u00f3grafos e bailarinos renomados.<\/p>\n<p>\u201cEste ano teremos com grande satisfa\u00e7\u00e3o, a presen\u00e7a e participa\u00e7\u00e3o da renomada bailarina brasileira Ana Botafogo, que ser\u00e1 jurada e ir\u00e1 promover uma Masterclass especial para os bailarinos da cidade. O Festival est\u00e1 consolidado no calend\u00e1rio de eventos do munic\u00edpio, possibilita a integra\u00e7\u00e3o entre as academias de dan\u00e7a de outras cidades tamb\u00e9m, o que vai al\u00e9m da competi\u00e7\u00e3o. Ter a presen\u00e7a de Ana Botafogo refor\u00e7a a credibilidade que o evento conquistou&#8221;, comentou O titular da Unidade de Gest\u00e3o de Cultura (UGC), Marcelo Peroni.<\/p>\n<p>A bailarina est\u00e1 na cidade na sexta-feira (24), \u00e0s 11h e as 15h no Complexo Fepasa. J\u00e1 no s\u00e1bado (25), ela comp\u00f5e a mesa de jurados para a Mostra Competitiva do Cl\u00e1ssico. No domingo, participa da Noite de Gala.<\/p>\n<p>As apresenta\u00e7\u00e3o da Mostra Competitiva que acontecem no Teatro Polythema, rua Bar\u00e3o de Jundia\u00ed, 176, Centro, come\u00e7aram no s\u00e1bado (18) e seguem at\u00e9 o pr\u00f3ximo dia 25. Para mais informa\u00e7\u00f5es, acesse o <a href=\"https:\/\/cultura.jundiai.sp.gov.br\/enredanca\/mostra-competitiva\/\">site oficial do festival<\/a>.<\/p>\n<p><em>(Imagem: Divulga\u00e7\u00e3o)<\/em><\/p>\n<p>&nbsp;<\/p>\n","protected":false},"excerpt":{"rendered":"<p>Bailarina \u00e9 Diretora de Bal\u00e9 do Theatro Municipal <\/p>\n","protected":false},"author":13,"featured_media":30830,"comment_status":"closed","ping_status":"closed","sticky":false,"template":"","format":"standard","meta":{"footnotes":""},"categories":[2834,2833,29,1],"tags":[5295,5294,716,5],"class_list":["post-30796","post","type-post","status-publish","format-standard","has-post-thumbnail","hentry","category-cidades","category-cultura","category-destaque","category-noticias","tag-ana-botafogo","tag-ballet","tag-enredanca","tag-jundiai"],"_links":{"self":[{"href":"https:\/\/tvtecjundiai.com.br\/news\/wp-json\/wp\/v2\/posts\/30796","targetHints":{"allow":["GET"]}}],"collection":[{"href":"https:\/\/tvtecjundiai.com.br\/news\/wp-json\/wp\/v2\/posts"}],"about":[{"href":"https:\/\/tvtecjundiai.com.br\/news\/wp-json\/wp\/v2\/types\/post"}],"author":[{"embeddable":true,"href":"https:\/\/tvtecjundiai.com.br\/news\/wp-json\/wp\/v2\/users\/13"}],"replies":[{"embeddable":true,"href":"https:\/\/tvtecjundiai.com.br\/news\/wp-json\/wp\/v2\/comments?post=30796"}],"version-history":[{"count":5,"href":"https:\/\/tvtecjundiai.com.br\/news\/wp-json\/wp\/v2\/posts\/30796\/revisions"}],"predecessor-version":[{"id":30818,"href":"https:\/\/tvtecjundiai.com.br\/news\/wp-json\/wp\/v2\/posts\/30796\/revisions\/30818"}],"wp:featuredmedia":[{"embeddable":true,"href":"https:\/\/tvtecjundiai.com.br\/news\/wp-json\/wp\/v2\/media\/30830"}],"wp:attachment":[{"href":"https:\/\/tvtecjundiai.com.br\/news\/wp-json\/wp\/v2\/media?parent=30796"}],"wp:term":[{"taxonomy":"category","embeddable":true,"href":"https:\/\/tvtecjundiai.com.br\/news\/wp-json\/wp\/v2\/categories?post=30796"},{"taxonomy":"post_tag","embeddable":true,"href":"https:\/\/tvtecjundiai.com.br\/news\/wp-json\/wp\/v2\/tags?post=30796"}],"curies":[{"name":"wp","href":"https:\/\/api.w.org\/{rel}","templated":true}]}}