{"id":30944,"date":"2019-05-22T11:52:26","date_gmt":"2019-05-22T14:52:26","guid":{"rendered":"https:\/\/tvtecjundiai.com.br\/news\/?p=30944"},"modified":"2020-12-16T17:01:36","modified_gmt":"2020-12-16T20:01:36","slug":"festa-do-terra-nova-em-jundiai-comeca-neste-sabado-25","status":"publish","type":"post","link":"https:\/\/tvtecjundiai.com.br\/news\/2019\/05\/22\/festa-do-terra-nova-em-jundiai-comeca-neste-sabado-25\/","title":{"rendered":"Festa do Terra Nova, em Jundia\u00ed, come\u00e7a neste s\u00e1bado (25)"},"content":{"rendered":"<p>Come\u00e7a dia 25 de maio a 51.\u00aa Festa do Bairro Terra Nova, em Jundia\u00ed, a partir das 19 horas. E ela prossegue no dia 26, domingo, a partir das 11 horas, at\u00e9 as 16 horas, no sal\u00e3o da Comunidade do Bom Jesus, na Avenida Engenheiro Tasso Pinheiro, 2649. Leitoa, frango frito, churrasco, noque, risoto, lingui\u00e7a, pastel, polenta, batata, doces e sorvetes, bom vinho e boa cerveja, fazem parte do card\u00e1pio tradicional. A festa do ano passado, que marcou o Jubileu de Ouro da atividade, foi encerrada com um show do cantor Moacyr Franco.<\/p>\n<p>O evento \u00e9 preparado e realizado por centenas de volunt\u00e1rios para atender as necessidades das pessoas mais carentes da comunidade, ligada \u00e0 Par\u00f3quia Santa Rosa de Lima, da Diocese de Jundia\u00ed. Este ano, ela se estender\u00e1 pelos dos primeiros finais de semana de junho &#8211; 1 e 2\/6 e 8 e 9\/6.<\/p>\n","protected":false},"excerpt":{"rendered":"<p>O evento prossegue nos primeiros finais de semana de junho &#8211; 1 e 2\/6 e 8 e 9\/6<\/p>\n","protected":false},"author":8,"featured_media":6774,"comment_status":"closed","ping_status":"closed","sticky":false,"template":"","format":"standard","meta":{"footnotes":""},"categories":[2834,29,1],"tags":[5320,3215],"class_list":["post-30944","post","type-post","status-publish","format-standard","has-post-thumbnail","hentry","category-cidades","category-destaque","category-noticias","tag-51a-festa-da-terra-nova","tag-festa-da-terra-nova"],"_links":{"self":[{"href":"https:\/\/tvtecjundiai.com.br\/news\/wp-json\/wp\/v2\/posts\/30944","targetHints":{"allow":["GET"]}}],"collection":[{"href":"https:\/\/tvtecjundiai.com.br\/news\/wp-json\/wp\/v2\/posts"}],"about":[{"href":"https:\/\/tvtecjundiai.com.br\/news\/wp-json\/wp\/v2\/types\/post"}],"author":[{"embeddable":true,"href":"https:\/\/tvtecjundiai.com.br\/news\/wp-json\/wp\/v2\/users\/8"}],"replies":[{"embeddable":true,"href":"https:\/\/tvtecjundiai.com.br\/news\/wp-json\/wp\/v2\/comments?post=30944"}],"version-history":[{"count":4,"href":"https:\/\/tvtecjundiai.com.br\/news\/wp-json\/wp\/v2\/posts\/30944\/revisions"}],"predecessor-version":[{"id":68366,"href":"https:\/\/tvtecjundiai.com.br\/news\/wp-json\/wp\/v2\/posts\/30944\/revisions\/68366"}],"wp:featuredmedia":[{"embeddable":true,"href":"https:\/\/tvtecjundiai.com.br\/news\/wp-json\/wp\/v2\/media\/6774"}],"wp:attachment":[{"href":"https:\/\/tvtecjundiai.com.br\/news\/wp-json\/wp\/v2\/media?parent=30944"}],"wp:term":[{"taxonomy":"category","embeddable":true,"href":"https:\/\/tvtecjundiai.com.br\/news\/wp-json\/wp\/v2\/categories?post=30944"},{"taxonomy":"post_tag","embeddable":true,"href":"https:\/\/tvtecjundiai.com.br\/news\/wp-json\/wp\/v2\/tags?post=30944"}],"curies":[{"name":"wp","href":"https:\/\/api.w.org\/{rel}","templated":true}]}}