{"id":31173,"date":"2019-05-25T13:47:22","date_gmt":"2019-05-25T16:47:22","guid":{"rendered":"https:\/\/tvtecjundiai.com.br\/news\/?p=31173"},"modified":"2019-05-25T14:43:33","modified_gmt":"2019-05-25T17:43:33","slug":"apos-os-70-anos-aluno-e-professora-retomam-a-sala-de-aula-para-aprender-a-ler-e-ensinar","status":"publish","type":"post","link":"https:\/\/tvtecjundiai.com.br\/news\/2019\/05\/25\/apos-os-70-anos-aluno-e-professora-retomam-a-sala-de-aula-para-aprender-a-ler-e-ensinar\/","title":{"rendered":"Ap\u00f3s os 70 anos, aluno e professora retomam \u00e0 sala de aula para aprender a ler e ensinar"},"content":{"rendered":"<div id=\"attachment_31174\" style=\"width: 315px\" class=\"wp-caption alignright\"><img loading=\"lazy\" decoding=\"async\" aria-describedby=\"caption-attachment-31174\" class=\" wp-image-31174\" src=\"https:\/\/tvtecjundiai.com.br\/news\/wp-content\/uploads\/sites\/2\/2019\/05\/sr-jose-musico-leitura-300x225.jpg\" alt=\"\" width=\"305\" height=\"229\" srcset=\"https:\/\/tvtecjundiai.com.br\/news\/wp-content\/uploads\/sites\/2\/2019\/05\/sr-jose-musico-leitura-300x225.jpg 300w, https:\/\/tvtecjundiai.com.br\/news\/wp-content\/uploads\/sites\/2\/2019\/05\/sr-jose-musico-leitura-768x576.jpg 768w, https:\/\/tvtecjundiai.com.br\/news\/wp-content\/uploads\/sites\/2\/2019\/05\/sr-jose-musico-leitura-1200x900.jpg 1200w, https:\/\/tvtecjundiai.com.br\/news\/wp-content\/uploads\/sites\/2\/2019\/05\/sr-jose-musico-leitura.jpg 1600w\" sizes=\"auto, (max-width: 305px) 100vw, 305px\" \/><p id=\"caption-attachment-31174\" class=\"wp-caption-text\">Jos\u00e9 Barreto dos Santos, de 78 anos, quer aprender a ler e escrever suas m\u00fasicas<\/p><\/div>\n<p>Nunca \u00e9 tarde para aprender ou para ensinar. Prova disso s\u00e3o Jos\u00e9 Barreto dos Santos e Regina Cely Sales Souza, 78 e 70 anos, respectivamente. Enquanto ele iniciou seus estudos neste ano, ela voltou as aulas com sua profiss\u00e3o de professora, ambos na cidade de Campos de Goytacazes, regi\u00e3o norte do Rio de Janeiro.<\/p>\n<p>Assistente do pai na lavoura desde sua inf\u00e2ncia, Jos\u00e9 Barreto n\u00e3o chegou a frequentar a escola devido a responsabilidade que carregava de manter-se no trabalho para sustentar sua fam\u00edlia. Mas essa dedica\u00e7\u00e3o ao trato com a terra n\u00e3o fez com que ele perdesse o dom para as letras e a paix\u00e3o pela cultura. O lavrador tamb\u00e9m \u00e9 compositor musical e sempre contou com ajuda dos netos para escrever suas letras. Realidade que deve ser mudada em breve ap\u00f3s ingressar nas aulas do projeto Escola dos Saberes.<\/p>\n<p>Com seis m\u00fasicas em seu repert\u00f3rio, este persistente senhor \u00e9 confiante: &#8220;Tenho f\u00e9 em Deus que, muito em breve, estarei escrevendo minhas m\u00fasicas com minha pr\u00f3pria letra e, al\u00e9m disso, lendo e interpretando. Ningu\u00e9m consegue imaginar como \u00e9 ruim n\u00e3o saber ler e escrever. Quando surgiu esta chance de alfabetiza\u00e7\u00e3o, pensei \u2018\u00e9 agora a minha vez\u2019&#8221;.<\/p>\n<div id=\"attachment_31175\" style=\"width: 315px\" class=\"wp-caption alignleft\"><img loading=\"lazy\" decoding=\"async\" aria-describedby=\"caption-attachment-31175\" class=\" wp-image-31175\" src=\"https:\/\/tvtecjundiai.com.br\/news\/wp-content\/uploads\/sites\/2\/2019\/05\/regina-professora-aulas-300x252.jpg\" alt=\"\" width=\"305\" height=\"256\" srcset=\"https:\/\/tvtecjundiai.com.br\/news\/wp-content\/uploads\/sites\/2\/2019\/05\/regina-professora-aulas-300x252.jpg 300w, https:\/\/tvtecjundiai.com.br\/news\/wp-content\/uploads\/sites\/2\/2019\/05\/regina-professora-aulas-768x644.jpg 768w, https:\/\/tvtecjundiai.com.br\/news\/wp-content\/uploads\/sites\/2\/2019\/05\/regina-professora-aulas-1145x960.jpg 1145w, https:\/\/tvtecjundiai.com.br\/news\/wp-content\/uploads\/sites\/2\/2019\/05\/regina-professora-aulas.jpg 1600w\" sizes=\"auto, (max-width: 305px) 100vw, 305px\" \/><p id=\"caption-attachment-31175\" class=\"wp-caption-text\">Aos 70 anos, Regina Cely voltou a lecionar ap\u00f3s 36 anos de trabalho.<\/p><\/div>\n<p>J\u00e1 para a educadora Regina, este rein\u00edcio trouxe outros desafios. Cansada de ficar em casa com sua aposentadoria, ap\u00f3s lecionar por 36 anos no Ensino Fundamental, ela n\u00e3o pensou duas vezes quando viu a oportunidade de retomar a sala de aula atrav\u00e9s do processo seletivo da Prefeitura de Campos. &#8220;Quando fui informada que daria aulas para idosos, pensei \u2018Deus me deu esse prop\u00f3sito e eu vou assumir\u2019. Hoje, encontro alunos na rua e o carinho \u00e9 o mesmo de anos atr\u00e1s. Isso n\u00e3o tem pre\u00e7o. E, com os idosos, n\u00e3o \u00e9 diferente. Eu os trato como colegas, porque, apesar de ter forma\u00e7\u00e3o no Magist\u00e9rio, trocamos muitos saberes diariamente&#8221;, disse Regina ao se ver dando aula para alunos mais velhos que ela.<\/p>\n<p>Estes dois exemplos de amor e persist\u00eancia aos estudos s\u00e3o a prova viva de que para adquirir e transmitir conhecimento n\u00e3o existe momento certo. Basta ter vontade de superar seus desafios e acreditar no seu potencial.<\/p>\n<p><em>(Fonte e imagens: G1).<\/em><\/p>\n","protected":false},"excerpt":{"rendered":"<p>Moradores de  Campos de Goytacazes, Jos\u00e9 Barreto quer aprender a ler e escrever e Regina retomou a paix\u00e3o por ensinar.<\/p>\n","protected":false},"author":9,"featured_media":31174,"comment_status":"closed","ping_status":"closed","sticky":false,"template":"","format":"standard","meta":{"footnotes":""},"categories":[2828,1,2824],"tags":[],"class_list":["post-31173","post","type-post","status-publish","format-standard","has-post-thumbnail","hentry","category-educacao","category-noticias","category-variedades"],"_links":{"self":[{"href":"https:\/\/tvtecjundiai.com.br\/news\/wp-json\/wp\/v2\/posts\/31173","targetHints":{"allow":["GET"]}}],"collection":[{"href":"https:\/\/tvtecjundiai.com.br\/news\/wp-json\/wp\/v2\/posts"}],"about":[{"href":"https:\/\/tvtecjundiai.com.br\/news\/wp-json\/wp\/v2\/types\/post"}],"author":[{"embeddable":true,"href":"https:\/\/tvtecjundiai.com.br\/news\/wp-json\/wp\/v2\/users\/9"}],"replies":[{"embeddable":true,"href":"https:\/\/tvtecjundiai.com.br\/news\/wp-json\/wp\/v2\/comments?post=31173"}],"version-history":[{"count":7,"href":"https:\/\/tvtecjundiai.com.br\/news\/wp-json\/wp\/v2\/posts\/31173\/revisions"}],"predecessor-version":[{"id":31183,"href":"https:\/\/tvtecjundiai.com.br\/news\/wp-json\/wp\/v2\/posts\/31173\/revisions\/31183"}],"wp:featuredmedia":[{"embeddable":true,"href":"https:\/\/tvtecjundiai.com.br\/news\/wp-json\/wp\/v2\/media\/31174"}],"wp:attachment":[{"href":"https:\/\/tvtecjundiai.com.br\/news\/wp-json\/wp\/v2\/media?parent=31173"}],"wp:term":[{"taxonomy":"category","embeddable":true,"href":"https:\/\/tvtecjundiai.com.br\/news\/wp-json\/wp\/v2\/categories?post=31173"},{"taxonomy":"post_tag","embeddable":true,"href":"https:\/\/tvtecjundiai.com.br\/news\/wp-json\/wp\/v2\/tags?post=31173"}],"curies":[{"name":"wp","href":"https:\/\/api.w.org\/{rel}","templated":true}]}}