{"id":3124,"date":"2017-11-21T15:10:29","date_gmt":"2017-11-21T17:10:29","guid":{"rendered":"https:\/\/tvtecjundiai.com.br\/news\/?p=3124"},"modified":"2017-11-21T16:48:50","modified_gmt":"2017-11-21T18:48:50","slug":"cnj-e-exercito-brasileiro-firmam-acordo-para-destruir-armas","status":"publish","type":"post","link":"https:\/\/tvtecjundiai.com.br\/news\/2017\/11\/21\/cnj-e-exercito-brasileiro-firmam-acordo-para-destruir-armas\/","title":{"rendered":"CNJ e Ex\u00e9rcito Brasileiro firmam acordo para destruir armas"},"content":{"rendered":"<div id=\"content-header\">\n<p>\u00a0A presidente do Supremo Tribunal Federal (STF) e do Conselho Nacional de Justi\u00e7a (CNJ), ministra C\u00e1rmen L\u00facia, e o comandante do Ex\u00e9rcito, general Eduardo Dias da Costa Villas B\u00f4as, firmaram nesta segunda-feira (20) acordo de coopera\u00e7\u00e3o t\u00e9cnica com o objetivo de destrui\u00e7\u00e3o, por parte da For\u00e7a Terrestre, de todo armamento apreendido pelo Poder Judici\u00e1rio. O acordo abrange todo armamento em dep\u00f3sito na Justi\u00e7a que sejam considerados desnecess\u00e1rios pelos magistrados para a continuidade e instru\u00e7\u00e3o dos respectivos processos.<\/p>\n<\/div>\n<div id=\"content-area\">\n<div class=\"region region-content\">\n<div id=\"block-system-main\" class=\"block block-system block-odd clearfix\">\n<div class=\"content\">\n<article id=\"node-1098412\" class=\"node node-noticia node-odd\">\n<div class=\"content\">\n<div id=\"attachment_3125\" style=\"width: 488px\" class=\"wp-caption alignleft\"><a href=\"https:\/\/tvtecjundiai.com.br\/news\/wp-content\/uploads\/sites\/2\/2017\/11\/armamentos.jpg\"><img loading=\"lazy\" decoding=\"async\" aria-describedby=\"caption-attachment-3125\" class=\"wp-image-3125\" src=\"https:\/\/tvtecjundiai.com.br\/news\/wp-content\/uploads\/sites\/2\/2017\/11\/armamentos-300x199.jpg\" alt=\"\" width=\"478\" height=\"317\" srcset=\"https:\/\/tvtecjundiai.com.br\/news\/wp-content\/uploads\/sites\/2\/2017\/11\/armamentos-300x199.jpg 300w, https:\/\/tvtecjundiai.com.br\/news\/wp-content\/uploads\/sites\/2\/2017\/11\/armamentos.jpg 400w\" sizes=\"auto, (max-width: 478px) 100vw, 478px\" \/><\/a><p id=\"caption-attachment-3125\" class=\"wp-caption-text\">At\u00e9 outubro, foram destru\u00eddas pelo Ex\u00e9rcito cerca de 170 mil armas de fogo em todo o Territ\u00f3rio Nacional<\/p><\/div>\n<p>De acordo com o Ex\u00e9rcito, nas cl\u00e1usulas do acordo, que tem validade de um ano, o Conselho Nacional de Justi\u00e7a e o Comando do Ex\u00e9rcito comprometem-se a adotar medidas que tornem os processos de destrui\u00e7\u00e3o e doa\u00e7\u00e3o de armas de fogo mais c\u00e9leres. A parceria n\u00e3o envolve transfer\u00eancia de recursos financeiros, cabendo, \u00e0s partes, os custos das medidas que forem adotadas durante sua execu\u00e7\u00e3o.<\/p>\n<p>At\u00e9 outubro do corrente ano, j\u00e1 foram destru\u00eddas, pelo Ex\u00e9rcito, cerca de 170 mil armas de fogo em todo o territ\u00f3rio nacional, e foram doados em torno de 15 fuzis aos \u00f3rg\u00e3os de seguran\u00e7a p\u00fablica do Estado de S\u00e3o Paulo, por decis\u00e3o judicial, de acordo com os dados disponibilizados pela Diretoria de Fiscaliza\u00e7\u00e3o de Produtos Controlados do Ex\u00e9rcito (DFPC). Com o acordo firmado, segundo avalia\u00e7\u00e3o do Ex\u00e9rcito, a tend\u00eancia \u00e9 que esses n\u00fameros aumentem.<\/p>\n<p>Atualmente, os fatores que impedem maior aproveitamento das armas apreendidas para doa\u00e7\u00e3o aos \u00f3rg\u00e3os de seguran\u00e7a p\u00fablica est\u00e3o relacionados \u00e0s prec\u00e1rias condi\u00e7\u00f5es de conserva\u00e7\u00e3o, que comprometem a seguran\u00e7a na utiliza\u00e7\u00e3o dessas armas; bem como a log\u00edstica desfavor\u00e1vel, em consequ\u00eancia das caracter\u00edsticas t\u00e9cnicas da arma, que n\u00e3o fazem parte da dota\u00e7\u00e3o das institui\u00e7\u00f5es, o que ocasionaria transtorno para a aquisi\u00e7\u00e3o de muni\u00e7\u00f5es e pe\u00e7as de reposi\u00e7\u00e3o.<\/p>\n<p><em>Fonte: Ag\u00eancia Brasil, com informa\u00e7\u00f5es da Ag\u00eancia Verde-Oliva<\/em><\/p>\n<\/div>\n<\/article>\n<\/div>\n<\/div>\n<\/div>\n<\/div>\n","protected":false},"excerpt":{"rendered":"<p>O acordo permite tornar mais c\u00e9leres processos de destrui\u00e7\u00e3o e doa\u00e7\u00e3o de armas de fogo <\/p>\n","protected":false},"author":8,"featured_media":3126,"comment_status":"closed","ping_status":"closed","sticky":false,"template":"","format":"standard","meta":{"footnotes":""},"categories":[1],"tags":[1593,1578,1594,1595,1592,1596],"class_list":["post-3124","post","type-post","status-publish","format-standard","has-post-thumbnail","hentry","category-noticias","tag-cnj","tag-conselho-nacional-de-justica","tag-eb","tag-exercito-brasileiro","tag-stf","tag-supremo-tribunal-federal"],"_links":{"self":[{"href":"https:\/\/tvtecjundiai.com.br\/news\/wp-json\/wp\/v2\/posts\/3124","targetHints":{"allow":["GET"]}}],"collection":[{"href":"https:\/\/tvtecjundiai.com.br\/news\/wp-json\/wp\/v2\/posts"}],"about":[{"href":"https:\/\/tvtecjundiai.com.br\/news\/wp-json\/wp\/v2\/types\/post"}],"author":[{"embeddable":true,"href":"https:\/\/tvtecjundiai.com.br\/news\/wp-json\/wp\/v2\/users\/8"}],"replies":[{"embeddable":true,"href":"https:\/\/tvtecjundiai.com.br\/news\/wp-json\/wp\/v2\/comments?post=3124"}],"version-history":[{"count":4,"href":"https:\/\/tvtecjundiai.com.br\/news\/wp-json\/wp\/v2\/posts\/3124\/revisions"}],"predecessor-version":[{"id":3137,"href":"https:\/\/tvtecjundiai.com.br\/news\/wp-json\/wp\/v2\/posts\/3124\/revisions\/3137"}],"wp:featuredmedia":[{"embeddable":true,"href":"https:\/\/tvtecjundiai.com.br\/news\/wp-json\/wp\/v2\/media\/3126"}],"wp:attachment":[{"href":"https:\/\/tvtecjundiai.com.br\/news\/wp-json\/wp\/v2\/media?parent=3124"}],"wp:term":[{"taxonomy":"category","embeddable":true,"href":"https:\/\/tvtecjundiai.com.br\/news\/wp-json\/wp\/v2\/categories?post=3124"},{"taxonomy":"post_tag","embeddable":true,"href":"https:\/\/tvtecjundiai.com.br\/news\/wp-json\/wp\/v2\/tags?post=3124"}],"curies":[{"name":"wp","href":"https:\/\/api.w.org\/{rel}","templated":true}]}}