{"id":31248,"date":"2019-05-28T15:46:30","date_gmt":"2019-05-28T18:46:30","guid":{"rendered":"https:\/\/tvtecjundiai.com.br\/news\/?p=31248"},"modified":"2019-05-28T16:45:14","modified_gmt":"2019-05-28T19:45:14","slug":"alunos-do-sesi-luiz-latorre-passam-tardes-divertidas-na-tvtec3","status":"publish","type":"post","link":"https:\/\/tvtecjundiai.com.br\/news\/2019\/05\/28\/alunos-do-sesi-luiz-latorre-passam-tardes-divertidas-na-tvtec3\/","title":{"rendered":"Alunos do SESI Luiz Latorre passam tardes divertidas na TVTEC"},"content":{"rendered":"<div id=\"attachment_31251\" style=\"width: 409px\" class=\"wp-caption alignright\"><a href=\"https:\/\/tvtecjundiai.com.br\/news\/wp-content\/uploads\/sites\/2\/2019\/05\/20190522_144352.jpg\"><img loading=\"lazy\" decoding=\"async\" aria-describedby=\"caption-attachment-31251\" class=\"wp-image-31251\" src=\"https:\/\/tvtecjundiai.com.br\/news\/wp-content\/uploads\/sites\/2\/2019\/05\/20190522_144352-300x225.jpg\" alt=\"\" width=\"399\" height=\"299\" srcset=\"https:\/\/tvtecjundiai.com.br\/news\/wp-content\/uploads\/sites\/2\/2019\/05\/20190522_144352-300x225.jpg 300w, https:\/\/tvtecjundiai.com.br\/news\/wp-content\/uploads\/sites\/2\/2019\/05\/20190522_144352-768x576.jpg 768w, https:\/\/tvtecjundiai.com.br\/news\/wp-content\/uploads\/sites\/2\/2019\/05\/20190522_144352-1200x900.jpg 1200w, https:\/\/tvtecjundiai.com.br\/news\/wp-content\/uploads\/sites\/2\/2019\/05\/20190522_144352.jpg 2048w\" sizes=\"auto, (max-width: 399px) 100vw, 399px\" \/><\/a><p id=\"caption-attachment-31251\" class=\"wp-caption-text\">Nas visitas guiadas, os alunos conhecem cada cantinho da tev\u00ea<\/p><\/div>\n<p>Quem tamb\u00e9m marcou presen\u00e7a na visita guiada na sede da TVTEC Jundia\u00ed, na Funda\u00e7\u00e3o Televis\u00e3o Educativa (FTVE), foram os alunos do 7\u00ba ano do SESI Luiz Latorre, inaugurado em abril de 2018.<\/p>\n<p>Essa \u00e9 uma proposta da emissora, que abre suas portas para receber grupos escolares, ONG&#8217;S, entidades, associa\u00e7\u00f5es e demais interessados em conhecer os espa\u00e7os e um pouco do trabalho di\u00e1rio realizado pela tev\u00ea e primeira escola de televis\u00e3o e produ\u00e7\u00e3o audiovisual p\u00fablica-municipal em parceria com o Centro Paula Souza.<\/p>\n<p>&#8220;Os alunos est\u00e3o estudando na apostila de l\u00edngua portuguesa, os g\u00eaneros not\u00edcia e reportagem, e l\u00e1 tem a not\u00edcia falada e a impressa, e eu achei interessante traz\u00ea-los aqui para conhecer de perto. \u00c9 a primeira vez que venho aqui e achei incr\u00edvel. \u00c9 tudo organizado, foi tudo muito bem explicado. Algumas coisas complementaram o que eles aprenderam em sala de aula e era isso que precis\u00e1vamos&#8221;, destacou a professora Luciana Martins que acompanhou a turma do 7\u00baA.<\/p>\n<p>Graziela Leite Foga\u00e7a, de 12 anos aproveitou para contar que j\u00e1 pensa em fazer jornalismo e essa atividade, com certeza, colaborou ainda mais para sua escolha. &#8220;Eu achei muito legal, super divertido. A gente aprendeu bastante coisa. Uma das partes que eu mais gostei foi aprender sobre podcast, porque eu sou apaixonada por r\u00e1dio e os est\u00fadios&#8221;.<\/p>\n<div id=\"attachment_31252\" style=\"width: 374px\" class=\"wp-caption alignleft\"><a href=\"https:\/\/tvtecjundiai.com.br\/news\/wp-content\/uploads\/sites\/2\/2019\/05\/20190522_143428.jpg\"><img loading=\"lazy\" decoding=\"async\" aria-describedby=\"caption-attachment-31252\" class=\"wp-image-31252\" src=\"https:\/\/tvtecjundiai.com.br\/news\/wp-content\/uploads\/sites\/2\/2019\/05\/20190522_143428-300x225.jpg\" alt=\"\" width=\"364\" height=\"273\" srcset=\"https:\/\/tvtecjundiai.com.br\/news\/wp-content\/uploads\/sites\/2\/2019\/05\/20190522_143428-300x225.jpg 300w, https:\/\/tvtecjundiai.com.br\/news\/wp-content\/uploads\/sites\/2\/2019\/05\/20190522_143428-768x576.jpg 768w, https:\/\/tvtecjundiai.com.br\/news\/wp-content\/uploads\/sites\/2\/2019\/05\/20190522_143428-1200x900.jpg 1200w, https:\/\/tvtecjundiai.com.br\/news\/wp-content\/uploads\/sites\/2\/2019\/05\/20190522_143428.jpg 2048w\" sizes=\"auto, (max-width: 364px) 100vw, 364px\" \/><\/a><p id=\"caption-attachment-31252\" class=\"wp-caption-text\">Os alunos do 7\u00baA tamb\u00e9m aproveitaram para registrar o momento na parede grafitada &#8220;ToNaTVTEC&#8221;<\/p><\/div>\n<p>&#8220;Eu gostei bastante dessa experi\u00eancia aqui na TVTEC e a minha parte favorita foi conhecer os est\u00fadios. Eu j\u00e1 pensei em v\u00e1rias coisas, inclusive em ser jornalista, mas talvez eu queira ser esteticista assim como minha av\u00f3, mas como todo mundo diz: os sonhos podem mudar (risos). Eu quero voltar mais vezes aqui. Em l\u00edngua portuguesa, n\u00f3s estamos aprendendo bastante sobre os tipos de reportagens&#8221;, explicou Laura de Oliveira, de 12 anos.<\/p>\n<p>&#8220;Passar essa tarde aqui foi t\u00e3o legal, eu aprendi muitas coisas que eu n\u00e3o sabia e quero voltar aqui muitas vezes, para ter essa experi\u00eancia novamente. Com certeza eu vou falar para todos os meus amigos conhecerem esse lugar incr\u00edvel. Eu adorei falar l\u00e1 naquela cabine onde o rep\u00f3rter grava o \u00e1udio da mat\u00e9ria, aquilo \u00e9 muito incr\u00edvel. Depois dessa visita eu estou pensando em fazer jornalismo sim&#8221;, brincou Ana Beatriz.<\/p>\n<p>Mais do que conhecer a estrutura, os alunos tamb\u00e9m entendem de forma divertida e din\u00e2mica as novas formas de se fazer jornalismo, unindo a tecnologia, a inova\u00e7\u00e3o e a distribui\u00e7\u00e3o de tudo aquilo que foi produzido como forma de educar, inspirar e entreter o p\u00fablico. &#8220;Eu gostei de ver as novas tecnologias, tudo que h\u00e1 de novo nessa transforma\u00e7\u00e3o que o jornalismo passou. Quando eu crescer vou querer fazer um curso aqui tamb\u00e9m!&#8221;, disse Bianca Baravieira.<\/p>\n<div id=\"attachment_31254\" style=\"width: 354px\" class=\"wp-caption alignright\"><a href=\"https:\/\/tvtecjundiai.com.br\/news\/wp-content\/uploads\/sites\/2\/2019\/05\/20190523_144839.jpg\"><img loading=\"lazy\" decoding=\"async\" aria-describedby=\"caption-attachment-31254\" class=\"wp-image-31254\" src=\"https:\/\/tvtecjundiai.com.br\/news\/wp-content\/uploads\/sites\/2\/2019\/05\/20190523_144839-300x169.jpg\" alt=\"\" width=\"344\" height=\"194\" srcset=\"https:\/\/tvtecjundiai.com.br\/news\/wp-content\/uploads\/sites\/2\/2019\/05\/20190523_144839-300x169.jpg 300w, https:\/\/tvtecjundiai.com.br\/news\/wp-content\/uploads\/sites\/2\/2019\/05\/20190523_144839-768x432.jpg 768w, https:\/\/tvtecjundiai.com.br\/news\/wp-content\/uploads\/sites\/2\/2019\/05\/20190523_144839-1200x675.jpg 1200w, https:\/\/tvtecjundiai.com.br\/news\/wp-content\/uploads\/sites\/2\/2019\/05\/20190523_144839.jpg 2048w\" sizes=\"auto, (max-width: 344px) 100vw, 344px\" \/><\/a><p id=\"caption-attachment-31254\" class=\"wp-caption-text\">J\u00e1 os alunos do 7\u00baC, aproveitaram o cen\u00e1rio dos est\u00fadios<\/p><\/div>\n<p>&#8220;Eu sempre tive vontade de saber como se fazia um jornal e hoje eu pude descobrir e gostei demais. Eu recomendaria para todas as outras pessoas conhecerem esse lugar que \u00e9 esplendido&#8221;, finalizou Manoela da Silva.<\/p>\n<p>Na tarde da ter\u00e7a-feira (28), foi a vez dos alunos do 7\u00baB\u00a0 passarem por essa experi\u00eancia \u00fanica, especial e para l\u00e1 de divertida. &#8220;Eu gostei muito do passeio de hoje, principalmente porque eu n\u00e3o sabia como funcionava uma televis\u00e3o e uma r\u00e1dio. O est\u00fadio de produ\u00e7\u00e3o foi o que eu mais gostei, ele \u00e9 bem bonito!&#8221;, finalizou Igor de Oliveira.<\/p>\n<div id=\"attachment_31335\" style=\"width: 319px\" class=\"wp-caption alignleft\"><a href=\"https:\/\/tvtecjundiai.com.br\/news\/wp-content\/uploads\/sites\/2\/2019\/05\/20190528_150803.jpg\"><img loading=\"lazy\" decoding=\"async\" aria-describedby=\"caption-attachment-31335\" class=\"wp-image-31335\" src=\"https:\/\/tvtecjundiai.com.br\/news\/wp-content\/uploads\/sites\/2\/2019\/05\/20190528_150803-300x169.jpg\" alt=\"\" width=\"309\" height=\"174\" srcset=\"https:\/\/tvtecjundiai.com.br\/news\/wp-content\/uploads\/sites\/2\/2019\/05\/20190528_150803-300x169.jpg 300w, https:\/\/tvtecjundiai.com.br\/news\/wp-content\/uploads\/sites\/2\/2019\/05\/20190528_150803-768x432.jpg 768w, https:\/\/tvtecjundiai.com.br\/news\/wp-content\/uploads\/sites\/2\/2019\/05\/20190528_150803-1200x675.jpg 1200w, https:\/\/tvtecjundiai.com.br\/news\/wp-content\/uploads\/sites\/2\/2019\/05\/20190528_150803.jpg 2048w\" sizes=\"auto, (max-width: 309px) 100vw, 309px\" \/><\/a><p id=\"caption-attachment-31335\" class=\"wp-caption-text\">Os alunos do 7\u00baC encerraram a visita do SESI Luiz Latorre<\/p><\/div>\n<p>E voc\u00ea, ficou com vontade de conhecer a TVTEC? Aproveite! A entrada \u00e9 gratuita e, para agendar a sua visita, os interessados podem fazer a solicita\u00e7\u00e3o pelo email: contato@tvtecjundiai.com.br. Vale lembrar que a visita \u00e9 realizada a partir de 10 pessoas, com m\u00e1ximo de 30. A TVTEC fica localizada na Av. Doutor Cavalcanti, 396 (Complexo Argos) Vila Arens \u2013 Jundia\u00ed\/SP CEP: 13201-500.<\/p>\n<p><em>(Texto\/Imagens: Caroline Ferreira)<\/em><\/p>\n<p>&nbsp;<\/p>\n<p>&nbsp;<\/p>\n<p>&nbsp;<\/p>\n<p>&nbsp;<\/p>\n<p>&nbsp;<\/p>\n<p>&nbsp;<\/p>\n<p>&nbsp;<\/p>\n<p>&nbsp;<\/p>\n","protected":false},"excerpt":{"rendered":"<p>Visitas permitem que os alunos conhe\u00e7am o funcionamento da tev\u00ea <\/p>\n","protected":false},"author":13,"featured_media":31256,"comment_status":"closed","ping_status":"closed","sticky":false,"template":"","format":"standard","meta":{"footnotes":""},"categories":[2834,29,2828,1],"tags":[5367,15,200],"class_list":["post-31248","post","type-post","status-publish","format-standard","has-post-thumbnail","hentry","category-cidades","category-destaque","category-educacao","category-noticias","tag-sesi-luiz-latorre","tag-tvtec","tag-visita"],"_links":{"self":[{"href":"https:\/\/tvtecjundiai.com.br\/news\/wp-json\/wp\/v2\/posts\/31248","targetHints":{"allow":["GET"]}}],"collection":[{"href":"https:\/\/tvtecjundiai.com.br\/news\/wp-json\/wp\/v2\/posts"}],"about":[{"href":"https:\/\/tvtecjundiai.com.br\/news\/wp-json\/wp\/v2\/types\/post"}],"author":[{"embeddable":true,"href":"https:\/\/tvtecjundiai.com.br\/news\/wp-json\/wp\/v2\/users\/13"}],"replies":[{"embeddable":true,"href":"https:\/\/tvtecjundiai.com.br\/news\/wp-json\/wp\/v2\/comments?post=31248"}],"version-history":[{"count":7,"href":"https:\/\/tvtecjundiai.com.br\/news\/wp-json\/wp\/v2\/posts\/31248\/revisions"}],"predecessor-version":[{"id":31348,"href":"https:\/\/tvtecjundiai.com.br\/news\/wp-json\/wp\/v2\/posts\/31248\/revisions\/31348"}],"wp:featuredmedia":[{"embeddable":true,"href":"https:\/\/tvtecjundiai.com.br\/news\/wp-json\/wp\/v2\/media\/31256"}],"wp:attachment":[{"href":"https:\/\/tvtecjundiai.com.br\/news\/wp-json\/wp\/v2\/media?parent=31248"}],"wp:term":[{"taxonomy":"category","embeddable":true,"href":"https:\/\/tvtecjundiai.com.br\/news\/wp-json\/wp\/v2\/categories?post=31248"},{"taxonomy":"post_tag","embeddable":true,"href":"https:\/\/tvtecjundiai.com.br\/news\/wp-json\/wp\/v2\/tags?post=31248"}],"curies":[{"name":"wp","href":"https:\/\/api.w.org\/{rel}","templated":true}]}}