{"id":3132,"date":"2017-11-21T16:43:08","date_gmt":"2017-11-21T18:43:08","guid":{"rendered":"https:\/\/tvtecjundiai.com.br\/news\/?p=3132"},"modified":"2017-11-21T16:43:08","modified_gmt":"2017-11-21T18:43:08","slug":"tvtec-funcionarios-proximos-de-se-aposentar-visitam-emissora","status":"publish","type":"post","link":"https:\/\/tvtecjundiai.com.br\/news\/2017\/11\/21\/tvtec-funcionarios-proximos-de-se-aposentar-visitam-emissora\/","title":{"rendered":"TVTEC: funcion\u00e1rios pr\u00f3ximos de se aposentar visitam emissora"},"content":{"rendered":"<p>Um grupo de 18 pessoas do programa de pr\u00e9-aposentadoria da Prefeitura Municipal de Jundia\u00ed visitou, na tarde desta ter\u00e7a-feira (21), as depend\u00eancias da TVTEC, no Complexo Argos. Com 16 mulheres e dois homens, o grupo viu de perto como funciona uma emissora de televis\u00e3o, conhecendo inclusive seus est\u00fadios.<\/p>\n<div id=\"attachment_3131\" style=\"width: 410px\" class=\"wp-caption alignright\"><a href=\"https:\/\/tvtecjundiai.com.br\/news\/wp-content\/uploads\/sites\/2\/2017\/11\/visita-aposentados.jpg\"><img loading=\"lazy\" decoding=\"async\" aria-describedby=\"caption-attachment-3131\" class=\"wp-image-3131 \" src=\"https:\/\/tvtecjundiai.com.br\/news\/wp-content\/uploads\/sites\/2\/2017\/11\/visita-aposentados-300x175.jpg\" alt=\"\" width=\"400\" height=\"233\" srcset=\"https:\/\/tvtecjundiai.com.br\/news\/wp-content\/uploads\/sites\/2\/2017\/11\/visita-aposentados-300x175.jpg 300w, https:\/\/tvtecjundiai.com.br\/news\/wp-content\/uploads\/sites\/2\/2017\/11\/visita-aposentados-768x448.jpg 768w, https:\/\/tvtecjundiai.com.br\/news\/wp-content\/uploads\/sites\/2\/2017\/11\/visita-aposentados-1200x700.jpg 1200w, https:\/\/tvtecjundiai.com.br\/news\/wp-content\/uploads\/sites\/2\/2017\/11\/visita-aposentados.jpg 1555w\" sizes=\"auto, (max-width: 400px) 100vw, 400px\" \/><\/a><p id=\"caption-attachment-3131\" class=\"wp-caption-text\">Nos est\u00fadios: momento de descontra\u00e7\u00e3o<\/p><\/div>\n<p>\u00c0 frente da turma estava Fabiane Ibanez, da Unidade de Administra\u00e7\u00e3o e Gest\u00e3o de Pessoas. Segundo ela, a ideia \u00e9 apresentar, em diferentes visitas, os espa\u00e7os p\u00fablicos aos participantes do programa. \u201cComo este espa\u00e7o vem passando por tantas mudan\u00e7as, decidimos vir aqui conhecer.\u201d A visita \u00e0 TVTEC \u00e9 a \u00faltima de 11 realizadas pelo grupo.<\/p>\n<p><strong>LEIA TAMB\u00c9M:<br \/>\n<a href=\"https:\/\/tvtecjundiai.com.br\/news\/2017\/11\/21\/cidades-arquivo-publico-tem-recorde-de-pedidos-de-certidao-de-imigracao\/\" target=\"_blank\" rel=\"noopener\">Cidades: Arquivo P\u00fablico tem recorde de pedidos de certid\u00e3o de imigra\u00e7\u00e3o<\/a><\/strong><\/p>\n<p>Entre os profissionais que est\u00e3o prestes a se aposentar, Neide Marassato gostou muito do que viu. \u201cEu estive na TVE logo no in\u00edcio, quando foi inaugurada. Mudou tudo, est\u00e1 muito diferente\u201d, declarou. Da Unidade de Educa\u00e7\u00e3o, onde atua como merendeira, Neide se aposenta no pr\u00f3ximo dia 30. \u201cAgora chegou a hora de descansar.\u201d<\/p>\n","protected":false},"excerpt":{"rendered":"<p>O grupo, com 18 pessoas, faz parte do Programa de Pr\u00e9-Aposentadoria<\/p>\n","protected":false},"author":6,"featured_media":3130,"comment_status":"closed","ping_status":"closed","sticky":false,"template":"","format":"standard","meta":{"footnotes":""},"categories":[29,1],"tags":[1553,5,1597,107,136,15,1598],"class_list":["post-3132","post","type-post","status-publish","format-standard","has-post-thumbnail","hentry","category-destaque","category-noticias","tag-aposentados","tag-jundiai","tag-pre-aposentadoria","tag-prefeitura-de-jundiai","tag-rede-tvtec","tag-tvtec","tag-unidade-de-administracao-e-gestao-de-pessoas"],"_links":{"self":[{"href":"https:\/\/tvtecjundiai.com.br\/news\/wp-json\/wp\/v2\/posts\/3132","targetHints":{"allow":["GET"]}}],"collection":[{"href":"https:\/\/tvtecjundiai.com.br\/news\/wp-json\/wp\/v2\/posts"}],"about":[{"href":"https:\/\/tvtecjundiai.com.br\/news\/wp-json\/wp\/v2\/types\/post"}],"author":[{"embeddable":true,"href":"https:\/\/tvtecjundiai.com.br\/news\/wp-json\/wp\/v2\/users\/6"}],"replies":[{"embeddable":true,"href":"https:\/\/tvtecjundiai.com.br\/news\/wp-json\/wp\/v2\/comments?post=3132"}],"version-history":[{"count":3,"href":"https:\/\/tvtecjundiai.com.br\/news\/wp-json\/wp\/v2\/posts\/3132\/revisions"}],"predecessor-version":[{"id":3135,"href":"https:\/\/tvtecjundiai.com.br\/news\/wp-json\/wp\/v2\/posts\/3132\/revisions\/3135"}],"wp:featuredmedia":[{"embeddable":true,"href":"https:\/\/tvtecjundiai.com.br\/news\/wp-json\/wp\/v2\/media\/3130"}],"wp:attachment":[{"href":"https:\/\/tvtecjundiai.com.br\/news\/wp-json\/wp\/v2\/media?parent=3132"}],"wp:term":[{"taxonomy":"category","embeddable":true,"href":"https:\/\/tvtecjundiai.com.br\/news\/wp-json\/wp\/v2\/categories?post=3132"},{"taxonomy":"post_tag","embeddable":true,"href":"https:\/\/tvtecjundiai.com.br\/news\/wp-json\/wp\/v2\/tags?post=3132"}],"curies":[{"name":"wp","href":"https:\/\/api.w.org\/{rel}","templated":true}]}}