{"id":31539,"date":"2019-05-31T14:33:48","date_gmt":"2019-05-31T17:33:48","guid":{"rendered":"https:\/\/tvtecjundiai.com.br\/news\/?p=31539"},"modified":"2019-06-03T10:17:21","modified_gmt":"2019-06-03T13:17:21","slug":"diretor-do-polytheama-da-detalhes-da-programacao-de-junho-a-radiotec","status":"publish","type":"post","link":"https:\/\/tvtecjundiai.com.br\/news\/2019\/05\/31\/diretor-do-polytheama-da-detalhes-da-programacao-de-junho-a-radiotec\/","title":{"rendered":"Polytheama tem programa\u00e7\u00e3o para todos os gostos em junho"},"content":{"rendered":"<p>Junho chega com tudo na programa\u00e7\u00e3o cultural. E o diretor do\u00a0 Teatro do Polytheama, da Prefeitura de Jundia\u00ed, Wagner Nacarato, divulgou a agenda do m\u00eas, recheada de excelentes atra\u00e7\u00f5es, em entrevista dada ao jornalista Rafael Amaral, no programa P\u00e3o na Chapa, da R\u00e1dioTEC, primeira emissora p\u00fablica municipal da web.<\/p>\n<div id=\"attachment_31544\" style=\"width: 374px\" class=\"wp-caption alignright\"><a href=\"https:\/\/tvtecjundiai.com.br\/news\/wp-content\/uploads\/sites\/2\/2019\/05\/wagner-nacarato.jpg\"><img loading=\"lazy\" decoding=\"async\" aria-describedby=\"caption-attachment-31544\" class=\"wp-image-31544\" src=\"https:\/\/tvtecjundiai.com.br\/news\/wp-content\/uploads\/sites\/2\/2019\/05\/wagner-nacarato-300x225.jpg\" alt=\"\" width=\"364\" height=\"273\" srcset=\"https:\/\/tvtecjundiai.com.br\/news\/wp-content\/uploads\/sites\/2\/2019\/05\/wagner-nacarato-300x225.jpg 300w, https:\/\/tvtecjundiai.com.br\/news\/wp-content\/uploads\/sites\/2\/2019\/05\/wagner-nacarato.jpg 480w\" sizes=\"auto, (max-width: 364px) 100vw, 364px\" \/><\/a><p id=\"caption-attachment-31544\" class=\"wp-caption-text\">Wagner Nacarato divulga programa\u00e7\u00e3o de junho do Polytheama<\/p><\/div>\n<p>&#8220;Eu amo o Kid Abelha. Fui em v\u00e1rios shows, tenho os CDs, fitas cassetes. E foi muito bom poder trazer a Paula Toler para Jundia\u00ed. \u00c9 a primeira vez no Polytheama&#8221;, contou Wagner. Ela traz o show <em>Como Eu Quero, <\/em>no dia 7 de junho, \u00e0s 20 horas. Wagner revelou que a procura pelos espet\u00e1culos \u00e9 muito grande. &#8220;Domingo, 2, \u00e0s 17 e \u00e0s 20 horas, h\u00e1 o espet\u00e1culo <em>Quatro Amigos&#8221;,\u00a0<\/em>contou.<\/p>\n<p>No domingo, 9, \u00e0s 16 horas, em matin\u00ea especial, ser\u00e1 apresentado <em>Casa de Brinquedos<\/em>, um musical de Toquinho, dirigido pela Carla Candioto, a diretora da Cia. de Teatro do Polytheama. &#8220;\u00c9 um espet\u00e1culo muito bonito, imperd\u00edvel&#8221;, garante Wagner.<\/p>\n<p>***<\/p>\n<p>Durante o m\u00eas, haver\u00e1 atra\u00e7\u00f5es para os mais diversos gostos: Teatro, Dan\u00e7a, Concertos de M\u00fasica Erudita, Com\u00e9dia, Stand Up, sess\u00f5es do Matin\u00ea no Poly voltadas ao p\u00fablico infanto-juvenil e apresenta\u00e7\u00f5es gratuitas dos m\u00fasicos do Projeto Guri e da Banda S\u00e3o Jo\u00e3o Batista.<\/p>\n<p>Amanh\u00e3, s\u00e1bado (01), \u00e0s 20 horas, haver\u00e1 o concerto gratuito em homenagem \u00e0 Serra do Japi da Orquestra Municipal de Jundia\u00ed (OMJ), que volta a se apresentar no Teatro no dia 30. A Cia. F\u00eanix de Teatro de Jundia\u00ed, que completou sete anos de atividade dia 12 de maio, exibe, dia 4 de junho, \u00e0s 20 horas, \u00a0o espet\u00e1culo \u201cAl\u00e9m do Espelho\u201d, \u00a0pe\u00e7a g\u00eanero realismo fant\u00e1stico, escrita por Will Jesus, que conta a hist\u00f3ria de um circo decadente,\u00a0 cheio de esperan\u00e7a e amor pela arte.<\/p>\n<p>No s\u00e1bado (15) ser\u00e1 a vez da Cia. Jovem de Dan\u00e7a de Jundia\u00ed, corpo art\u00edstico do Teatro, voltar ao seu palco para a estreia, \u00e0s 20 horas, das novas coreografias \u201cEstudos em Chrom.aqui\u201d, de Alex Soares, diretor art\u00edstico da companhia, e \u201cEntre o Corpo e o Azul\u201d, de Henrique Rodovalho<\/p>\n<p>Na segunda-feira (24), \u00e0s 18h30, como parte da Semana de Reflex\u00e3o sobre Drogas, o Teatro recebe o espet\u00e1culo teatral \u201cAinda\u201d, numa realiza\u00e7\u00e3o do Conselho Municipal de Pol\u00edticas sobre Drogas com entrada gratuita.<\/p>\n<p><strong>Ou\u00e7a a \u00edntegra da entrevista e compartilhe<\/strong><\/p>\n<p><iframe loading=\"lazy\" title=\"Teatro Polythema Divulga Agenda De Junho\" width=\"100%\" height=\"120\" src=\"https:\/\/www.mixcloud.com\/widget\/iframe\/?feed=https%3A%2F%2Fwww.mixcloud.com%2Fradiotecjundiai%2Fteatro-polythema-divulga-agenda-de-junho%2F&amp;hide_cover=1\" frameborder=\"0\"><\/iframe><\/p>\n","protected":false},"excerpt":{"rendered":"<p>A agenda do m\u00eas est\u00e1 recheada com excelentes atra\u00e7\u00f5es de fora e de Jundia\u00ed<\/p>\n","protected":false},"author":8,"featured_media":31543,"comment_status":"closed","ping_status":"closed","sticky":false,"template":"","format":"standard","meta":{"footnotes":""},"categories":[2834,2833,29,3076,1],"tags":[5426,5427],"class_list":["post-31539","post","type-post","status-publish","format-standard","has-post-thumbnail","hentry","category-cidades","category-cultura","category-destaque","category-entretenimento","category-noticias","tag-programacao-do-polytheama","tag-wagner-nacarato"],"_links":{"self":[{"href":"https:\/\/tvtecjundiai.com.br\/news\/wp-json\/wp\/v2\/posts\/31539","targetHints":{"allow":["GET"]}}],"collection":[{"href":"https:\/\/tvtecjundiai.com.br\/news\/wp-json\/wp\/v2\/posts"}],"about":[{"href":"https:\/\/tvtecjundiai.com.br\/news\/wp-json\/wp\/v2\/types\/post"}],"author":[{"embeddable":true,"href":"https:\/\/tvtecjundiai.com.br\/news\/wp-json\/wp\/v2\/users\/8"}],"replies":[{"embeddable":true,"href":"https:\/\/tvtecjundiai.com.br\/news\/wp-json\/wp\/v2\/comments?post=31539"}],"version-history":[{"count":12,"href":"https:\/\/tvtecjundiai.com.br\/news\/wp-json\/wp\/v2\/posts\/31539\/revisions"}],"predecessor-version":[{"id":31604,"href":"https:\/\/tvtecjundiai.com.br\/news\/wp-json\/wp\/v2\/posts\/31539\/revisions\/31604"}],"wp:featuredmedia":[{"embeddable":true,"href":"https:\/\/tvtecjundiai.com.br\/news\/wp-json\/wp\/v2\/media\/31543"}],"wp:attachment":[{"href":"https:\/\/tvtecjundiai.com.br\/news\/wp-json\/wp\/v2\/media?parent=31539"}],"wp:term":[{"taxonomy":"category","embeddable":true,"href":"https:\/\/tvtecjundiai.com.br\/news\/wp-json\/wp\/v2\/categories?post=31539"},{"taxonomy":"post_tag","embeddable":true,"href":"https:\/\/tvtecjundiai.com.br\/news\/wp-json\/wp\/v2\/tags?post=31539"}],"curies":[{"name":"wp","href":"https:\/\/api.w.org\/{rel}","templated":true}]}}