{"id":31561,"date":"2019-05-31T16:19:15","date_gmt":"2019-05-31T19:19:15","guid":{"rendered":"https:\/\/tvtecjundiai.com.br\/news\/?p=31561"},"modified":"2019-05-31T16:31:13","modified_gmt":"2019-05-31T19:31:13","slug":"robert-pattinson-e-confirmado-como-o-novo-batman","status":"publish","type":"post","link":"https:\/\/tvtecjundiai.com.br\/news\/2019\/05\/31\/robert-pattinson-e-confirmado-como-o-novo-batman\/","title":{"rendered":"Robert Pattinson \u00e9 confirmado como o novo Batman"},"content":{"rendered":"<p>O ator brit\u00e2nico Robert Pattinson foi confirmado como o novo Batman. Bruxo na s\u00e9rie de filmes &#8220;Harry Potter&#8221; e vampiro na franquia &#8220;Crep\u00fasculo&#8221;, o artista de 33 anos fechou acordo com a Warner Bros. para viver o Homem-Morcego no cinema.<\/p>\n<div id=\"attachment_31564\" style=\"width: 310px\" class=\"wp-caption alignright\"><img loading=\"lazy\" decoding=\"async\" aria-describedby=\"caption-attachment-31564\" class=\"size-medium wp-image-31564\" src=\"https:\/\/tvtecjundiai.com.br\/news\/wp-content\/uploads\/sites\/2\/2019\/05\/gettyimages-1066870216-300x200.jpg\" alt=\"\" width=\"300\" height=\"200\" srcset=\"https:\/\/tvtecjundiai.com.br\/news\/wp-content\/uploads\/sites\/2\/2019\/05\/gettyimages-1066870216-300x200.jpg 300w, https:\/\/tvtecjundiai.com.br\/news\/wp-content\/uploads\/sites\/2\/2019\/05\/gettyimages-1066870216-768x512.jpg 768w, https:\/\/tvtecjundiai.com.br\/news\/wp-content\/uploads\/sites\/2\/2019\/05\/gettyimages-1066870216-1200x800.jpg 1200w, https:\/\/tvtecjundiai.com.br\/news\/wp-content\/uploads\/sites\/2\/2019\/05\/gettyimages-1066870216.jpg 2048w\" sizes=\"auto, (max-width: 300px) 100vw, 300px\" \/><p id=\"caption-attachment-31564\" class=\"wp-caption-text\">Agora \u00e9 oficial: Pattinson viver\u00e1 o Homem-Morcego nos cinemas (Imagem: Entertainment Weekly)<\/p><\/div>\n<p>O est\u00fadio comunicou nesta sexta-feira que Pattinson assinou o contrato. As informa\u00e7\u00f5es s\u00e3o da &#8220;Variety&#8221;. O longa deve chegar aos cinemas no dia 25 de junho de 2021.<\/p>\n<p>Levou um tempo at\u00e9 a confirma\u00e7\u00e3o do ator para o papel. Enquanto corria a negocia\u00e7\u00e3o entre Pattinson e Warner, o est\u00fadio ainda estaria considerando os nomes de Nicholas Hoult, em cartaz na cinebiografia &#8221; Tolkien &#8220;, Armie Hammer e Aaron Taylor-Johnson. De todos eles, s\u00f3 Hammer \u00e9 americano.<\/p>\n<p>A pr\u00e9-produ\u00e7\u00e3o da Warner Bros.-DC Comics est\u00e1 prevista para come\u00e7ar em junho. O cineasta Matt Reeves, diretor de &#8220;Planeta dos Macacos&#8221;, herdou o projeto \u201cThe Batman\u201d de Ben Affleck. O ator americano, que acumularia o papel e dire\u00e7\u00e3o da produ\u00e7\u00e3o abandonou tanto o desenvolvimento do roteiro quanto o personagem.<\/p>\n<p><em>(Fonte: O Globo\/ Imagens: Entertainment Weekly)<\/em><\/p>\n","protected":false},"excerpt":{"rendered":"<p>Longa-metragem deve chegar aos cinemas em junho de 2021<\/p>\n","protected":false},"author":9,"featured_media":31564,"comment_status":"closed","ping_status":"closed","sticky":false,"template":"","format":"standard","meta":{"footnotes":""},"categories":[1,2824],"tags":[5433,360,5432],"class_list":["post-31561","post","type-post","status-publish","format-standard","has-post-thumbnail","hentry","category-noticias","category-variedades","tag-batman","tag-cinema","tag-robert-pattman"],"_links":{"self":[{"href":"https:\/\/tvtecjundiai.com.br\/news\/wp-json\/wp\/v2\/posts\/31561","targetHints":{"allow":["GET"]}}],"collection":[{"href":"https:\/\/tvtecjundiai.com.br\/news\/wp-json\/wp\/v2\/posts"}],"about":[{"href":"https:\/\/tvtecjundiai.com.br\/news\/wp-json\/wp\/v2\/types\/post"}],"author":[{"embeddable":true,"href":"https:\/\/tvtecjundiai.com.br\/news\/wp-json\/wp\/v2\/users\/9"}],"replies":[{"embeddable":true,"href":"https:\/\/tvtecjundiai.com.br\/news\/wp-json\/wp\/v2\/comments?post=31561"}],"version-history":[{"count":4,"href":"https:\/\/tvtecjundiai.com.br\/news\/wp-json\/wp\/v2\/posts\/31561\/revisions"}],"predecessor-version":[{"id":31568,"href":"https:\/\/tvtecjundiai.com.br\/news\/wp-json\/wp\/v2\/posts\/31561\/revisions\/31568"}],"wp:featuredmedia":[{"embeddable":true,"href":"https:\/\/tvtecjundiai.com.br\/news\/wp-json\/wp\/v2\/media\/31564"}],"wp:attachment":[{"href":"https:\/\/tvtecjundiai.com.br\/news\/wp-json\/wp\/v2\/media?parent=31561"}],"wp:term":[{"taxonomy":"category","embeddable":true,"href":"https:\/\/tvtecjundiai.com.br\/news\/wp-json\/wp\/v2\/categories?post=31561"},{"taxonomy":"post_tag","embeddable":true,"href":"https:\/\/tvtecjundiai.com.br\/news\/wp-json\/wp\/v2\/tags?post=31561"}],"curies":[{"name":"wp","href":"https:\/\/api.w.org\/{rel}","templated":true}]}}