{"id":31677,"date":"2019-06-03T19:37:30","date_gmt":"2019-06-03T22:37:30","guid":{"rendered":"https:\/\/tvtecjundiai.com.br\/news\/?p=31677"},"modified":"2019-06-03T19:48:46","modified_gmt":"2019-06-03T22:48:46","slug":"ima-de-campinas-abre-concurso-publico-vagas-tem-salario-de-ate-r-58-mil","status":"publish","type":"post","link":"https:\/\/tvtecjundiai.com.br\/news\/2019\/06\/03\/ima-de-campinas-abre-concurso-publico-vagas-tem-salario-de-ate-r-58-mil\/","title":{"rendered":"IMA de Campinas abre concurso; vagas t\u00eam sal\u00e1rio de at\u00e9 R$ 5,8 mil"},"content":{"rendered":"<p>A Inform\u00e1tica de Munic\u00edpios Associados (IMA), com sede em Campinas, divulgou edital e abertura de inscri\u00e7\u00f5es para concurso p\u00fablico com cinco vagas na \u00e1rea de tecnologia. A maior remunera\u00e7\u00e3o \u00e9 de R$ R$ 5.823,23. Os interessados podem se inscrever no site da institui\u00e7\u00e3o.<\/p>\n<div id=\"attachment_31678\" style=\"width: 366px\" class=\"wp-caption alignright\"><a href=\"https:\/\/tvtecjundiai.com.br\/news\/wp-content\/uploads\/sites\/2\/2019\/06\/ima_emprego.jpg\"><img loading=\"lazy\" decoding=\"async\" aria-describedby=\"caption-attachment-31678\" class=\"wp-image-31678\" src=\"https:\/\/tvtecjundiai.com.br\/news\/wp-content\/uploads\/sites\/2\/2019\/06\/ima_emprego-300x200.jpg\" alt=\"\" width=\"356\" height=\"237\" srcset=\"https:\/\/tvtecjundiai.com.br\/news\/wp-content\/uploads\/sites\/2\/2019\/06\/ima_emprego-300x200.jpg 300w, https:\/\/tvtecjundiai.com.br\/news\/wp-content\/uploads\/sites\/2\/2019\/06\/ima_emprego-768x512.jpg 768w, https:\/\/tvtecjundiai.com.br\/news\/wp-content\/uploads\/sites\/2\/2019\/06\/ima_emprego-1200x800.jpg 1200w, https:\/\/tvtecjundiai.com.br\/news\/wp-content\/uploads\/sites\/2\/2019\/06\/ima_emprego.jpg 1600w\" sizes=\"auto, (max-width: 356px) 100vw, 356px\" \/><\/a><p id=\"caption-attachment-31678\" class=\"wp-caption-text\">Vagas tem sal\u00e1rios de at\u00e9 R$ 5,8 mil no Inform\u00e1tica de Munic\u00edpios Associados (Ima) de Campinas<\/p><\/div>\n<p>O valor da taxa de inscri\u00e7\u00e3o \u00e9 de R$ 53,33 para os cargos de ensino m\u00e9dio e de R$ 71,67 para o cargo de ensino superior. O per\u00edodo de inscri\u00e7\u00f5es come\u00e7a na pr\u00f3xima segunda-feira (10) e vai at\u00e9 o dia 14 de julho. A prova est\u00e1 prevista para ser aplicada no dia 18 de agosto e o edital do concurso pode ser conferido na p\u00e1gina da IMA.<\/p>\n<p><strong>Confira as vagas<\/strong><\/p>\n<ul>\n<li>Teleatendimento<\/li>\n<li>Atendimento ao usu\u00e1rio<\/li>\n<li>Desenvolvimento<\/li>\n<li>Infraestrutura<\/li>\n<li>Sistemas<\/li>\n<\/ul>\n<p><strong>Requisitos<\/strong><\/p>\n<p>Ser\u00e3o selecionados profissionais para o cargo amplo de t\u00e9cnico em tecnologia da informa\u00e7\u00e3o I, nas as fun\u00e7\u00f5es de teleatendimento, atendimento ao usu\u00e1rio, desenvolvimento e infraestrutura, com exig\u00eancia de forma\u00e7\u00e3o no ensino m\u00e9dio.<\/p>\n<p>Para o teleatendimento, o candidato tamb\u00e9m dever\u00e1 ter forma\u00e7\u00e3o t\u00e9cnica em inform\u00e1tica, al\u00e9m de seis meses de experi\u00eancia em suporte t\u00e9cnico de inform\u00e1tica.<\/p>\n<p>A fun\u00e7\u00e3o de atendimento ao usu\u00e1rio exige forma\u00e7\u00e3o t\u00e9cnica em inform\u00e1tica, seis meses de experi\u00eancia em suporte t\u00e9cnico de inform\u00e1tica e tamb\u00e9m carteira de habilita\u00e7\u00e3o (categoria B).<\/p>\n<p>J\u00e1 a fun\u00e7\u00e3o de desenvolvimento prev\u00ea forma\u00e7\u00e3o t\u00e9cnica em inform\u00e1tica e seis meses de experi\u00eancia em desenvolvimento de software.<\/p>\n<p>Para a infraestrutura, o candidato dever\u00e1 ter forma\u00e7\u00e3o t\u00e9cnica em eletrot\u00e9cnica, redes ou telecomunica\u00e7\u00f5es, al\u00e9m de carteira de habilita\u00e7\u00e3o (categoria B) e seis meses de experi\u00eancia na \u00e1rea.<\/p>\n<p>O concurso tamb\u00e9m prev\u00ea o preenchimento de uma vaga com exig\u00eancia de ensino superior, para o cargo de analista em tecnologia da informa\u00e7\u00e3o, na fun\u00e7\u00e3o de sistemas. O candidato dever\u00e1 ser graduado na \u00e1rea de inform\u00e1tica, al\u00e9m de ter seis meses de experi\u00eancia em desenvolvimento de software.<\/p>\n","protected":false},"excerpt":{"rendered":"<p>Inscri\u00e7\u00f5es pode ser feitas de 10\/6 a 14\/7, no site da institui\u00e7\u00e3o<\/p>\n","protected":false},"author":8,"featured_media":31678,"comment_status":"closed","ping_status":"closed","sticky":false,"template":"","format":"standard","meta":{"footnotes":""},"categories":[2834,29,2836,1,2835],"tags":[5455,5454,5456],"class_list":["post-31677","post","type-post","status-publish","format-standard","has-post-thumbnail","hentry","category-cidades","category-destaque","category-informatica","category-noticias","category-tecnologia","tag-emprego-de-tecnologia-em-campinas","tag-empregos-em-campinas","tag-ima-de-campinas-abre-vagas"],"_links":{"self":[{"href":"https:\/\/tvtecjundiai.com.br\/news\/wp-json\/wp\/v2\/posts\/31677","targetHints":{"allow":["GET"]}}],"collection":[{"href":"https:\/\/tvtecjundiai.com.br\/news\/wp-json\/wp\/v2\/posts"}],"about":[{"href":"https:\/\/tvtecjundiai.com.br\/news\/wp-json\/wp\/v2\/types\/post"}],"author":[{"embeddable":true,"href":"https:\/\/tvtecjundiai.com.br\/news\/wp-json\/wp\/v2\/users\/8"}],"replies":[{"embeddable":true,"href":"https:\/\/tvtecjundiai.com.br\/news\/wp-json\/wp\/v2\/comments?post=31677"}],"version-history":[{"count":4,"href":"https:\/\/tvtecjundiai.com.br\/news\/wp-json\/wp\/v2\/posts\/31677\/revisions"}],"predecessor-version":[{"id":31683,"href":"https:\/\/tvtecjundiai.com.br\/news\/wp-json\/wp\/v2\/posts\/31677\/revisions\/31683"}],"wp:featuredmedia":[{"embeddable":true,"href":"https:\/\/tvtecjundiai.com.br\/news\/wp-json\/wp\/v2\/media\/31678"}],"wp:attachment":[{"href":"https:\/\/tvtecjundiai.com.br\/news\/wp-json\/wp\/v2\/media?parent=31677"}],"wp:term":[{"taxonomy":"category","embeddable":true,"href":"https:\/\/tvtecjundiai.com.br\/news\/wp-json\/wp\/v2\/categories?post=31677"},{"taxonomy":"post_tag","embeddable":true,"href":"https:\/\/tvtecjundiai.com.br\/news\/wp-json\/wp\/v2\/tags?post=31677"}],"curies":[{"name":"wp","href":"https:\/\/api.w.org\/{rel}","templated":true}]}}