{"id":31821,"date":"2019-06-05T11:49:27","date_gmt":"2019-06-05T14:49:27","guid":{"rendered":"https:\/\/tvtecjundiai.com.br\/news\/?p=31821"},"modified":"2019-06-05T11:49:27","modified_gmt":"2019-06-05T14:49:27","slug":"jundiai-tem-menor-taxa-de-mortalidade-infantil-em-26-anos-diz-vigilancia-epidemiologica","status":"publish","type":"post","link":"https:\/\/tvtecjundiai.com.br\/news\/2019\/06\/05\/jundiai-tem-menor-taxa-de-mortalidade-infantil-em-26-anos-diz-vigilancia-epidemiologica\/","title":{"rendered":"Jundia\u00ed tem menor taxa de mortalidade infantil em 26 anos, diz Vigil\u00e2ncia Epidemiol\u00f3gica"},"content":{"rendered":"<div class=\"mc-column content-text active-extra-styles \" data-block-type=\"unstyled\" data-block-weight=\"24\" data-block-id=\"2\">\n<p class=\"content-text__container \" data-track-category=\"Link no Texto\" data-track-links=\"\">Jundia\u00ed alcan\u00e7ou no ano passado a menor taxa de mortalidade infantil em 26 anos. A informa\u00e7\u00e3o foi passada pela Vigil\u00e2ncia Epidemiol\u00f3gica da cidade. Segundo o \u00f3rg\u00e3o, foram registradas 46 mortes de crian\u00e7as de at\u00e9 1 ano de idade em 2018. No mesmo ano, nasceram mais de 6.300 crian\u00e7as.<\/p>\n<div id=\"attachment_31822\" style=\"width: 412px\" class=\"wp-caption alignright\"><a href=\"https:\/\/tvtecjundiai.com.br\/news\/wp-content\/uploads\/sites\/2\/2019\/06\/retrato-de-bebe-casa_23-2148188845.jpg\"><img loading=\"lazy\" decoding=\"async\" aria-describedby=\"caption-attachment-31822\" class=\"wp-image-31822\" src=\"https:\/\/tvtecjundiai.com.br\/news\/wp-content\/uploads\/sites\/2\/2019\/06\/retrato-de-bebe-casa_23-2148188845-300x200.jpg\" alt=\"\" width=\"402\" height=\"268\" srcset=\"https:\/\/tvtecjundiai.com.br\/news\/wp-content\/uploads\/sites\/2\/2019\/06\/retrato-de-bebe-casa_23-2148188845-300x200.jpg 300w, https:\/\/tvtecjundiai.com.br\/news\/wp-content\/uploads\/sites\/2\/2019\/06\/retrato-de-bebe-casa_23-2148188845.jpg 626w\" sizes=\"auto, (max-width: 402px) 100vw, 402px\" \/><\/a><p id=\"caption-attachment-31822\" class=\"wp-caption-text\">A taxa de mortalidade infantil de Jundia\u00ed tamb\u00e9m \u00e9 menor que a m\u00e9dia nacional.<\/p><\/div>\n<\/div>\n<div class=\"wall protected-content\">\n<div class=\"mc-column content-text active-extra-styles \" data-block-type=\"unstyled\" data-block-weight=\"29\" data-block-id=\"4\">\n<p class=\"content-text__container \" data-track-category=\"Link no Texto\" data-track-links=\"\">Em compara\u00e7\u00e3o com 2017, a redu\u00e7\u00e3o no \u00edndice de mortalidade infantil foi de 31%. H\u00e1 dois anos, foram registradas 64 mortes e pouco mais de seis mil nascimentos. A taxa de mortalidade infantil de Jundia\u00ed tamb\u00e9m \u00e9 menor que a m\u00e9dia nacional.<\/p>\n<p data-track-category=\"Link no Texto\" data-track-links=\"\"><em>(Fonte: G1\/Imagem: Freepik)<\/em><\/p>\n<\/div>\n<\/div>\n","protected":false},"excerpt":{"rendered":"<p>Em compara\u00e7\u00e3o com 2017, a redu\u00e7\u00e3o no \u00edndice de mortalidade infantil foi de 31%.<\/p>\n","protected":false},"author":13,"featured_media":31822,"comment_status":"closed","ping_status":"closed","sticky":false,"template":"","format":"standard","meta":{"footnotes":""},"categories":[2834,1],"tags":[5,5477],"class_list":["post-31821","post","type-post","status-publish","format-standard","has-post-thumbnail","hentry","category-cidades","category-noticias","tag-jundiai","tag-mortalidade-infantil"],"_links":{"self":[{"href":"https:\/\/tvtecjundiai.com.br\/news\/wp-json\/wp\/v2\/posts\/31821","targetHints":{"allow":["GET"]}}],"collection":[{"href":"https:\/\/tvtecjundiai.com.br\/news\/wp-json\/wp\/v2\/posts"}],"about":[{"href":"https:\/\/tvtecjundiai.com.br\/news\/wp-json\/wp\/v2\/types\/post"}],"author":[{"embeddable":true,"href":"https:\/\/tvtecjundiai.com.br\/news\/wp-json\/wp\/v2\/users\/13"}],"replies":[{"embeddable":true,"href":"https:\/\/tvtecjundiai.com.br\/news\/wp-json\/wp\/v2\/comments?post=31821"}],"version-history":[{"count":1,"href":"https:\/\/tvtecjundiai.com.br\/news\/wp-json\/wp\/v2\/posts\/31821\/revisions"}],"predecessor-version":[{"id":31823,"href":"https:\/\/tvtecjundiai.com.br\/news\/wp-json\/wp\/v2\/posts\/31821\/revisions\/31823"}],"wp:featuredmedia":[{"embeddable":true,"href":"https:\/\/tvtecjundiai.com.br\/news\/wp-json\/wp\/v2\/media\/31822"}],"wp:attachment":[{"href":"https:\/\/tvtecjundiai.com.br\/news\/wp-json\/wp\/v2\/media?parent=31821"}],"wp:term":[{"taxonomy":"category","embeddable":true,"href":"https:\/\/tvtecjundiai.com.br\/news\/wp-json\/wp\/v2\/categories?post=31821"},{"taxonomy":"post_tag","embeddable":true,"href":"https:\/\/tvtecjundiai.com.br\/news\/wp-json\/wp\/v2\/tags?post=31821"}],"curies":[{"name":"wp","href":"https:\/\/api.w.org\/{rel}","templated":true}]}}