{"id":32192,"date":"2019-06-10T16:17:51","date_gmt":"2019-06-10T19:17:51","guid":{"rendered":"https:\/\/tvtecjundiai.com.br\/news\/?p=32192"},"modified":"2019-06-10T17:59:52","modified_gmt":"2019-06-10T20:59:52","slug":"tvtec-abre-inscricoes-para-6-workshops-gratuitos-nesta-terca-11-1","status":"publish","type":"post","link":"https:\/\/tvtecjundiai.com.br\/news\/2019\/06\/10\/tvtec-abre-inscricoes-para-6-workshops-gratuitos-nesta-terca-11-1\/","title":{"rendered":"TVTEC abre inscri\u00e7\u00f5es para 6 workshops gratuitos nesta ter\u00e7a (11)"},"content":{"rendered":"<p>Na parceria com o Centro Paula Souza, a Prefeitura de Jundia\u00ed por meio da TVTEC, abre inscri\u00e7\u00f5es para mais 6<em> workshops<\/em> gratuitos nesta ter\u00e7a-feira (11).<\/p>\n<p>Na grade de cursos r\u00e1pidos: <strong>Pr\u00e1ticas de Entrevista para Youtube, Planejamento para M\u00eddias Sociais, Edi\u00e7\u00e3o de Foto na Pr\u00e1tica, Cria\u00e7\u00e3o de Conte\u00fado, Produ\u00e7\u00e3o de v\u00eddeo para Eventos <\/strong>e<strong> Fotografia Urbana<\/strong>. Vale lembrar que hoje a TVTEC est\u00e1 inserida na proposta de cidade conectada, com projeto de qualifica\u00e7\u00e3o profissional com cursos r\u00e1pidos e gratuitos nas \u00e1reas de tecnologia e produ\u00e7\u00e3o audiovisual.<\/p>\n<div id=\"attachment_32193\" style=\"width: 460px\" class=\"wp-caption alignright\"><a href=\"https:\/\/tvtecjundiai.com.br\/news\/wp-content\/uploads\/sites\/2\/2019\/06\/c81bc527-4c35-4656-aa01-7e6a736d68ce.jpg\"><img loading=\"lazy\" decoding=\"async\" aria-describedby=\"caption-attachment-32193\" class=\"wp-image-32193\" src=\"https:\/\/tvtecjundiai.com.br\/news\/wp-content\/uploads\/sites\/2\/2019\/06\/c81bc527-4c35-4656-aa01-7e6a736d68ce-300x169.jpg\" alt=\"\" width=\"450\" height=\"253\" srcset=\"https:\/\/tvtecjundiai.com.br\/news\/wp-content\/uploads\/sites\/2\/2019\/06\/c81bc527-4c35-4656-aa01-7e6a736d68ce-300x169.jpg 300w, https:\/\/tvtecjundiai.com.br\/news\/wp-content\/uploads\/sites\/2\/2019\/06\/c81bc527-4c35-4656-aa01-7e6a736d68ce-768x432.jpg 768w, https:\/\/tvtecjundiai.com.br\/news\/wp-content\/uploads\/sites\/2\/2019\/06\/c81bc527-4c35-4656-aa01-7e6a736d68ce.jpg 1032w\" sizes=\"auto, (max-width: 450px) 100vw, 450px\" \/><\/a><p id=\"caption-attachment-32193\" class=\"wp-caption-text\">Todos os cursos e workshops oferecidos pela TVTEC s\u00e3o gratuitos.<\/p><\/div>\n<p><strong>INSCRI\u00c7\u00d5ES<\/strong><\/p>\n<p>Os interessados devem realizar a inscri\u00e7\u00e3o online, \u00e0s 11 horas, desta ter\u00e7a-feira (11), no link que ser\u00e1 divulgado previamente no evento oficial do Facebook. (<a href=\"https:\/\/www.facebook.com\/events\/287401358881310\/\">clique aqui<\/a>)<\/p>\n<ul>\n<li>PR\u00c1TICAS DE ENTREVISTAS PARA YOUTUBE (Inscri\u00e7\u00e3o online no dia 11\/06, \u00e0s 11 horas)<br \/>\nEncontros: 17 e 19\/06, das 19h \u00e0s 22h<\/li>\n<li>PLANEJAMENTO PARA M\u00cdDIAS SOCIAIS\u00a0 (Inscri\u00e7\u00e3o online no dia 11\/06, \u00e0s 11 horas)<br \/>\nEncontros: 18 e 19\/06, das 19h \u00e0s 22h<\/li>\n<li>EDI\u00c7\u00c3O DE FOTO NA PR\u00c1TICA (Inscri\u00e7\u00e3o online no dia 11\/06, \u00e0s 11 horas)<br \/>\nEncontros: 24 e 26\/06, das 9h \u00e0s 12h<\/li>\n<li>CRIA\u00c7\u00c3O DE CONTE\u00daDO (Inscri\u00e7\u00e3o online no dia 11\/06, \u00e0s 11 horas)<br \/>\nEncontros: 24 e 26\/06, das 19h \u00e0s 22h<\/li>\n<li>PRODU\u00c7\u00c3O DE V\u00cdDEO PARA EVENTOS (Inscri\u00e7\u00e3o online no dia 11\/06, \u00e0s 11 horas)<br \/>\nEncontros: 24 e 25\/06, das 19h \u00e0s 22<\/li>\n<li>FOTOGRAFIA URBANA\u00a0(Inscri\u00e7\u00e3o online no dia 11\/06, \u00e0s 11 horas)<br \/>\nEncontros: 25 e 27\/06, das 13h30 \u00e0s 16h30<\/li>\n<\/ul>\n","protected":false},"excerpt":{"rendered":"<p>Inscri\u00e7\u00f5es t\u00eam in\u00edcio \u00e0s 11 horas no evento oficial no Facebook<\/p>\n","protected":false},"author":13,"featured_media":32212,"comment_status":"closed","ping_status":"closed","sticky":false,"template":"","format":"standard","meta":{"footnotes":""},"categories":[2834,29,2829,2828,5038,1],"tags":[],"class_list":["post-32192","post","type-post","status-publish","format-standard","has-post-thumbnail","hentry","category-cidades","category-destaque","category-economia","category-educacao","category-emprego","category-noticias"],"_links":{"self":[{"href":"https:\/\/tvtecjundiai.com.br\/news\/wp-json\/wp\/v2\/posts\/32192","targetHints":{"allow":["GET"]}}],"collection":[{"href":"https:\/\/tvtecjundiai.com.br\/news\/wp-json\/wp\/v2\/posts"}],"about":[{"href":"https:\/\/tvtecjundiai.com.br\/news\/wp-json\/wp\/v2\/types\/post"}],"author":[{"embeddable":true,"href":"https:\/\/tvtecjundiai.com.br\/news\/wp-json\/wp\/v2\/users\/13"}],"replies":[{"embeddable":true,"href":"https:\/\/tvtecjundiai.com.br\/news\/wp-json\/wp\/v2\/comments?post=32192"}],"version-history":[{"count":2,"href":"https:\/\/tvtecjundiai.com.br\/news\/wp-json\/wp\/v2\/posts\/32192\/revisions"}],"predecessor-version":[{"id":32211,"href":"https:\/\/tvtecjundiai.com.br\/news\/wp-json\/wp\/v2\/posts\/32192\/revisions\/32211"}],"wp:featuredmedia":[{"embeddable":true,"href":"https:\/\/tvtecjundiai.com.br\/news\/wp-json\/wp\/v2\/media\/32212"}],"wp:attachment":[{"href":"https:\/\/tvtecjundiai.com.br\/news\/wp-json\/wp\/v2\/media?parent=32192"}],"wp:term":[{"taxonomy":"category","embeddable":true,"href":"https:\/\/tvtecjundiai.com.br\/news\/wp-json\/wp\/v2\/categories?post=32192"},{"taxonomy":"post_tag","embeddable":true,"href":"https:\/\/tvtecjundiai.com.br\/news\/wp-json\/wp\/v2\/tags?post=32192"}],"curies":[{"name":"wp","href":"https:\/\/api.w.org\/{rel}","templated":true}]}}