{"id":32936,"date":"2019-06-19T12:49:58","date_gmt":"2019-06-19T15:49:58","guid":{"rendered":"https:\/\/tvtecjundiai.com.br\/news\/?p=32936"},"modified":"2019-06-19T16:56:44","modified_gmt":"2019-06-19T19:56:44","slug":"prefeitura-de-jundiai-abre-inscricoes-online-para-a-educacao-de-jovens-e-adultos","status":"publish","type":"post","link":"https:\/\/tvtecjundiai.com.br\/news\/2019\/06\/19\/prefeitura-de-jundiai-abre-inscricoes-online-para-a-educacao-de-jovens-e-adultos\/","title":{"rendered":"Jundia\u00ed abre inscri\u00e7\u00f5es online para a Educa\u00e7\u00e3o de Jovens e Adultos"},"content":{"rendered":"<p>Uma reivindica\u00e7\u00e3o antiga de interessados nos cursos do Centro Municipal de Educa\u00e7\u00e3o de Jovens e Adultos (CMEJA) se tornou realidade: desde ter\u00e7a-feira (18) as inscri\u00e7\u00f5es para Ensino Fundamental I e II e Ensino M\u00e9dico poder\u00e3o ser feitas online, no\u00a0<a href=\"https:\/\/web.cijun.sp.gov.br\/PMJ\/JA\/Login.aspx\">site da Prefeitura de Jundia\u00ed<\/a>. At\u00e9 ent\u00e3o, a inscri\u00e7\u00e3o era somente presencial.<\/p>\n<div id=\"attachment_32937\" style=\"width: 510px\" class=\"wp-caption alignleft\"><a href=\"https:\/\/tvtecjundiai.com.br\/news\/wp-content\/uploads\/sites\/2\/2019\/06\/eja-2018-29.jpg\"><img loading=\"lazy\" decoding=\"async\" aria-describedby=\"caption-attachment-32937\" class=\"wp-image-32937\" src=\"https:\/\/tvtecjundiai.com.br\/news\/wp-content\/uploads\/sites\/2\/2019\/06\/eja-2018-29-300x195.jpg\" alt=\"\" width=\"500\" height=\"325\" srcset=\"https:\/\/tvtecjundiai.com.br\/news\/wp-content\/uploads\/sites\/2\/2019\/06\/eja-2018-29-300x195.jpg 300w, https:\/\/tvtecjundiai.com.br\/news\/wp-content\/uploads\/sites\/2\/2019\/06\/eja-2018-29-768x499.jpg 768w, https:\/\/tvtecjundiai.com.br\/news\/wp-content\/uploads\/sites\/2\/2019\/06\/eja-2018-29-1200x780.jpg 1200w, https:\/\/tvtecjundiai.com.br\/news\/wp-content\/uploads\/sites\/2\/2019\/06\/eja-2018-29.jpg 1280w\" sizes=\"auto, (max-width: 500px) 100vw, 500px\" \/><\/a><p id=\"caption-attachment-32937\" class=\"wp-caption-text\">O CMEJA conta hoje com cerca de 2900 alunos, distribu\u00eddos no Complexo Argos e nos nove n\u00facleos descentralizados nos bairros<\/p><\/div>\n<p>Segundo a diretora do Departamento de Educa\u00e7\u00e3o de Jovens e Adultos da Unidade de Gest\u00e3o da Educa\u00e7\u00e3o (UGE), Carolina Copelli Tamassia Ricci, a iniciativa deve aumentar o n\u00famero de inscritos, j\u00e1 que facilita muito a vida do estudante. \u201cEsse era um pedido dos nossos alunos, que at\u00e9 ent\u00e3o tinham que comparecer duas vezes ao CMEJA: uma para fazer a inscri\u00e7\u00e3o, e outra para se matricular\u201d, diz. Com a\u00a0<a href=\"https:\/\/web.cijun.sp.gov.br\/PMJ\/JA\/Login.aspx\">inscri\u00e7\u00e3o online<\/a>, o candidato ir\u00e1 receber por e-mail a confirma\u00e7\u00e3o da vaga e s\u00f3 retornar\u00e1 para efetivar a matr\u00edcula.<\/p>\n<p>O CMEJA conta hoje com cerca de 2900 alunos, distribu\u00eddos no Complexo Argos e nos nove n\u00facleos descentralizados nos bairros Morada das Vinhas, S\u00e3o Camilo\/Tarum\u00e3, Novo Horizonte, Santa Gertrudes, Vista Alegre, Engordadouro, Almerinda Chaves, Cidade Nova e Vila Marlene. Trata-se de uma oportunidade para jovens e adultos que, na idade regular, n\u00e3o tiveram acesso ou n\u00e3o deram continuidade aos estudos.<\/p>\n<p>Para se matricular no Ensino Fundamental, a idade m\u00ednima \u00e9 de 15 anos e, para o Ensino M\u00e9dio, 18 anos. \u201cHoje em dia praticamente todo mundo tem acesso ao celular, e isso facilitar\u00e1 as inscri\u00e7\u00f5es. Mas para quem tiver alguma dificuldade no preenchimento das informa\u00e7\u00f5es, ou n\u00e3o tiver acesso \u00e0 internet, a inscri\u00e7\u00e3o presencial continua \u00e0 disposi\u00e7\u00e3o aqui no CMEJA\u201d, ressalta Carolina Ricci.<\/p>\n<p><em>(Prefeitura de Jundia\u00ed)<\/em><\/p>\n","protected":false},"excerpt":{"rendered":"<p>At\u00e9 ent\u00e3o, a inscri\u00e7\u00e3o era somente presencial<\/p>\n","protected":false},"author":10,"featured_media":32937,"comment_status":"closed","ping_status":"closed","sticky":false,"template":"","format":"standard","meta":{"footnotes":""},"categories":[2834,29,2828],"tags":[],"class_list":["post-32936","post","type-post","status-publish","format-standard","has-post-thumbnail","hentry","category-cidades","category-destaque","category-educacao"],"_links":{"self":[{"href":"https:\/\/tvtecjundiai.com.br\/news\/wp-json\/wp\/v2\/posts\/32936","targetHints":{"allow":["GET"]}}],"collection":[{"href":"https:\/\/tvtecjundiai.com.br\/news\/wp-json\/wp\/v2\/posts"}],"about":[{"href":"https:\/\/tvtecjundiai.com.br\/news\/wp-json\/wp\/v2\/types\/post"}],"author":[{"embeddable":true,"href":"https:\/\/tvtecjundiai.com.br\/news\/wp-json\/wp\/v2\/users\/10"}],"replies":[{"embeddable":true,"href":"https:\/\/tvtecjundiai.com.br\/news\/wp-json\/wp\/v2\/comments?post=32936"}],"version-history":[{"count":2,"href":"https:\/\/tvtecjundiai.com.br\/news\/wp-json\/wp\/v2\/posts\/32936\/revisions"}],"predecessor-version":[{"id":32972,"href":"https:\/\/tvtecjundiai.com.br\/news\/wp-json\/wp\/v2\/posts\/32936\/revisions\/32972"}],"wp:featuredmedia":[{"embeddable":true,"href":"https:\/\/tvtecjundiai.com.br\/news\/wp-json\/wp\/v2\/media\/32937"}],"wp:attachment":[{"href":"https:\/\/tvtecjundiai.com.br\/news\/wp-json\/wp\/v2\/media?parent=32936"}],"wp:term":[{"taxonomy":"category","embeddable":true,"href":"https:\/\/tvtecjundiai.com.br\/news\/wp-json\/wp\/v2\/categories?post=32936"},{"taxonomy":"post_tag","embeddable":true,"href":"https:\/\/tvtecjundiai.com.br\/news\/wp-json\/wp\/v2\/tags?post=32936"}],"curies":[{"name":"wp","href":"https:\/\/api.w.org\/{rel}","templated":true}]}}