{"id":33382,"date":"2019-06-27T13:08:57","date_gmt":"2019-06-27T16:08:57","guid":{"rendered":"https:\/\/tvtecjundiai.com.br\/news\/?p=33382"},"modified":"2019-06-27T13:42:57","modified_gmt":"2019-06-27T16:42:57","slug":"biblioteca-de-jundiai-tem-programacao-de-ferias-para-as-criancas","status":"publish","type":"post","link":"https:\/\/tvtecjundiai.com.br\/news\/2019\/06\/27\/biblioteca-de-jundiai-tem-programacao-de-ferias-para-as-criancas\/","title":{"rendered":"Biblioteca de Jundia\u00ed tem programa\u00e7\u00e3o infantil para as f\u00e9rias"},"content":{"rendered":"<p>A Biblioteca Municipal Professor Nelson Foot preparou para julho uma programa\u00e7\u00e3o especial e gratuita, com atra\u00e7\u00f5es voltadas \u00e0s crian\u00e7as em f\u00e9rias escolares e ao p\u00fablico em geral. Est\u00e3o programadas media\u00e7\u00f5es de leitura, atividades de pintura e desenho, conta\u00e7\u00f5es de hist\u00f3rias, confec\u00e7\u00f5es de fuxicos e workshop de Escrita Criativa. As atividades s\u00e3o gratuitas mas, por terem vagas limitadas, \u00e9 necess\u00e1ria inscri\u00e7\u00e3o pr\u00e9via no <strong><a href=\"https:\/\/biblioteca.jundiai.sp.gov.br\/\" target=\"_blank\" rel=\"noopener noreferrer\">site da Biblioteca.<\/a><\/strong><\/p>\n<div id=\"attachment_33383\" style=\"width: 510px\" class=\"wp-caption alignright\"><a href=\"https:\/\/tvtecjundiai.com.br\/news\/wp-content\/uploads\/sites\/2\/2019\/06\/biblioteca_harry_poter-86.jpg\"><img loading=\"lazy\" decoding=\"async\" aria-describedby=\"caption-attachment-33383\" class=\"wp-image-33383\" src=\"https:\/\/tvtecjundiai.com.br\/news\/wp-content\/uploads\/sites\/2\/2019\/06\/biblioteca_harry_poter-86.jpg\" alt=\"\" width=\"500\" height=\"319\" srcset=\"https:\/\/tvtecjundiai.com.br\/news\/wp-content\/uploads\/sites\/2\/2019\/06\/biblioteca_harry_poter-86.jpg 1260w, https:\/\/tvtecjundiai.com.br\/news\/wp-content\/uploads\/sites\/2\/2019\/06\/biblioteca_harry_poter-86-300x192.jpg 300w, https:\/\/tvtecjundiai.com.br\/news\/wp-content\/uploads\/sites\/2\/2019\/06\/biblioteca_harry_poter-86-768x491.jpg 768w, https:\/\/tvtecjundiai.com.br\/news\/wp-content\/uploads\/sites\/2\/2019\/06\/biblioteca_harry_poter-86-1200x767.jpg 1200w\" sizes=\"auto, (max-width: 500px) 100vw, 500px\" \/><\/a><p id=\"caption-attachment-33383\" class=\"wp-caption-text\">Baile de Inverno inspirado na saga Harry Potter chega \u00e0 sua 4\u00aa edi\u00e7\u00e3o em julho<\/p><\/div>\n<p>A programa\u00e7\u00e3o do m\u00eas come\u00e7a no dia 06, \u00e0s 10h30, com o Leiturinha em Foco de F\u00e9rias, voltado a crian\u00e7as com mais de cinco anos. J\u00e1 nos dias 10 e 17, a partir das 14h30, tem Colorindo as F\u00e9rias, com atividades de pintura, desenho, colagem e cria\u00e7\u00e3o com temas da gibiteca, inspirado na obra de Maur\u00edcio de Sousa.<\/p>\n<p>Est\u00e3o tamb\u00e9m programadas tr\u00eas edi\u00e7\u00f5es do \u201c\u00c9 hora de hist\u00f3ria\u201d, nos dias 11, 16 e 18, a partir das 15h, e no dia 20, a partir das 10h30, com contadores convidados e narra\u00e7\u00f5es de hist\u00f3rias infanto-juvenis para incentivar o h\u00e1bito da leitura e imagina\u00e7\u00e3o das crian\u00e7as e jovens.<\/p>\n<p>No dia 15, \u00e0s 14h30, o Ch\u00e1 de fuxico comemora o dia dos Av\u00f3s, com conta\u00e7\u00e3o de hist\u00f3rias e oficina de fuxico para vov\u00f3s.<\/p>\n<p>Para os dias 15, 16 e 17, das 18h30 \u00e0s 20h30, ser\u00e3o realizados os workshops sobre Escrita Criativa. A atividade \u00e9 voltada para jovens com mais de 14 anos e trata de conceitos da narrativa por meio de bate-papo e exerc\u00edcios pr\u00e1ticos.<\/p>\n<p>Para fechar com chave de ouro, no dia 26, a partir das 17h30, tem a 4\u00aa edi\u00e7\u00e3o do Baile de Inverno inspirado na saga Harry Potter.<\/p>\n<p>A Biblioteca Municipal \u00e9 ligada \u00e0 Unidade de Gest\u00e3o de Educa\u00e7\u00e3o (UGE) e fica na avenida Dr. Cavalcanti, 396, Complexo Argos. O hor\u00e1rio de funcionamento \u00e9 de segunda a sexta-feira, das 8h \u00e0s 22h, e aos s\u00e1bados, das 9h \u00e0s 13h. Mais informa\u00e7\u00f5es podem ser obtidas pelo telefone (11) 4527-2110.<\/p>\n<p><em>(Prefeitura de Jundia\u00ed)<\/em><\/p>\n","protected":false},"excerpt":{"rendered":"<p>As atividades s\u00e3o gratuitas e com vagas limitadas; \u00e9 necess\u00e1rio realizar inscri\u00e7\u00e3o<\/p>\n","protected":false},"author":10,"featured_media":33384,"comment_status":"closed","ping_status":"closed","sticky":false,"template":"","format":"standard","meta":{"footnotes":""},"categories":[2834,2833,29,3076],"tags":[],"class_list":["post-33382","post","type-post","status-publish","format-standard","has-post-thumbnail","hentry","category-cidades","category-cultura","category-destaque","category-entretenimento"],"_links":{"self":[{"href":"https:\/\/tvtecjundiai.com.br\/news\/wp-json\/wp\/v2\/posts\/33382","targetHints":{"allow":["GET"]}}],"collection":[{"href":"https:\/\/tvtecjundiai.com.br\/news\/wp-json\/wp\/v2\/posts"}],"about":[{"href":"https:\/\/tvtecjundiai.com.br\/news\/wp-json\/wp\/v2\/types\/post"}],"author":[{"embeddable":true,"href":"https:\/\/tvtecjundiai.com.br\/news\/wp-json\/wp\/v2\/users\/10"}],"replies":[{"embeddable":true,"href":"https:\/\/tvtecjundiai.com.br\/news\/wp-json\/wp\/v2\/comments?post=33382"}],"version-history":[{"count":3,"href":"https:\/\/tvtecjundiai.com.br\/news\/wp-json\/wp\/v2\/posts\/33382\/revisions"}],"predecessor-version":[{"id":33395,"href":"https:\/\/tvtecjundiai.com.br\/news\/wp-json\/wp\/v2\/posts\/33382\/revisions\/33395"}],"wp:featuredmedia":[{"embeddable":true,"href":"https:\/\/tvtecjundiai.com.br\/news\/wp-json\/wp\/v2\/media\/33384"}],"wp:attachment":[{"href":"https:\/\/tvtecjundiai.com.br\/news\/wp-json\/wp\/v2\/media?parent=33382"}],"wp:term":[{"taxonomy":"category","embeddable":true,"href":"https:\/\/tvtecjundiai.com.br\/news\/wp-json\/wp\/v2\/categories?post=33382"},{"taxonomy":"post_tag","embeddable":true,"href":"https:\/\/tvtecjundiai.com.br\/news\/wp-json\/wp\/v2\/tags?post=33382"}],"curies":[{"name":"wp","href":"https:\/\/api.w.org\/{rel}","templated":true}]}}