{"id":34444,"date":"2019-07-15T13:59:57","date_gmt":"2019-07-15T16:59:57","guid":{"rendered":"https:\/\/tvtecjundiai.com.br\/news\/?p=34444"},"modified":"2019-07-15T15:11:16","modified_gmt":"2019-07-15T18:11:16","slug":"complexo-fepasa-recebe-espetaculo-e-oficina-de-danca-contemporanea","status":"publish","type":"post","link":"https:\/\/tvtecjundiai.com.br\/news\/2019\/07\/15\/complexo-fepasa-recebe-espetaculo-e-oficina-de-danca-contemporanea\/","title":{"rendered":"Complexo Fepasa recebe espet\u00e1culo e oficina de dan\u00e7a contempor\u00e2nea"},"content":{"rendered":"<p>A Sala Jundia\u00ed no Complexo Fepasa recebe nesta sexta-feira (19), \u00e0s 19h, o espet\u00e1culo (In)Flu\u00eancia do Jazz, uma obra de dan\u00e7a contempor\u00e2nea, promovida pelo edital Programa de A\u00e7\u00e3o Cultural (ProAc) Obras em Dan\u00e7a, da Secretaria Estadual de Cultura e Economia Criativa. O foco do espet\u00e1culo \u00e9 pensar a improvisa\u00e7\u00e3o em dan\u00e7a a partir do pensamento de improvisa\u00e7\u00e3o no Jazz. No espet\u00e1culo, dois dan\u00e7arinos improvisam em cena juntamente com um instrumentista e buscam n\u00e3o somente dan\u00e7ar a m\u00fasica, mas comp\u00f4-la, dialogando com os mais diversos estilos de Jazz e a abordagem de improvisa\u00e7\u00e3o de cada um. A entrada \u00e9 gratuita.<\/p>\n<div id=\"attachment_34445\" style=\"width: 410px\" class=\"wp-caption alignleft\"><a href=\"https:\/\/tvtecjundiai.com.br\/news\/wp-content\/uploads\/sites\/2\/2019\/07\/influencia_do_jazz_v2.png\"><img loading=\"lazy\" decoding=\"async\" aria-describedby=\"caption-attachment-34445\" class=\"wp-image-34445\" src=\"https:\/\/tvtecjundiai.com.br\/news\/wp-content\/uploads\/sites\/2\/2019\/07\/influencia_do_jazz_v2-300x172.png\" alt=\"\" width=\"400\" height=\"230\" srcset=\"https:\/\/tvtecjundiai.com.br\/news\/wp-content\/uploads\/sites\/2\/2019\/07\/influencia_do_jazz_v2-300x172.png 300w, https:\/\/tvtecjundiai.com.br\/news\/wp-content\/uploads\/sites\/2\/2019\/07\/influencia_do_jazz_v2-768x441.png 768w, https:\/\/tvtecjundiai.com.br\/news\/wp-content\/uploads\/sites\/2\/2019\/07\/influencia_do_jazz_v2-1200x690.png 1200w, https:\/\/tvtecjundiai.com.br\/news\/wp-content\/uploads\/sites\/2\/2019\/07\/influencia_do_jazz_v2.png 1206w\" sizes=\"auto, (max-width: 400px) 100vw, 400px\" \/><\/a><p id=\"caption-attachment-34445\" class=\"wp-caption-text\">Oficina e espet\u00e1culo gratuitos pensam a improvisa\u00e7\u00e3o em dan\u00e7a a partir do pensamento de improvisa\u00e7\u00e3o no Jazz<\/p><\/div>\n<p>Al\u00e9m do espet\u00e1culo, ser\u00e1 oferecida, \u00e0s 14h, uma Oficina de Express\u00e3o Corporal, com a mesma proposta do espet\u00e1culo. Para isso, ser\u00e3o trabalhados exerc\u00edcios de respira\u00e7\u00e3o, medita\u00e7\u00e3o e presen\u00e7a, visando construir um corpo sens\u00edvel aos est\u00edmulos. O estudo se concentrar\u00e1 em fugir do movimento codificado e estereotipado, tentando encontrar um corpo que esteja conectado com o som de uma maneira mais \u00edntima. A oficina tem como p\u00fablico-alvo os interessados nas artes da cena e do corpo com idade igual ou superior a 15 anos. N\u00e3o h\u00e1 necessidade de experi\u00eancia pr\u00e9via em dan\u00e7a, apenas disponibilidade corporal. As 20 vagas gratuitas ser\u00e3o preenchidas por ordem de\u00a0<a href=\"https:\/\/docs.google.com\/forms\/d\/e\/1FAIpQLScYllml8Cvu4ZVmheYGLy8sCSre1aiS8BaHrlg6nRZ4hSH-9A\/viewform\" target=\"_blank\" rel=\"noopener noreferrer\">inscri\u00e7\u00e3o online gratuita<\/a>.<\/p>\n<p>O Complexo Fepasa fica na avenida Uni\u00e3o dos Ferrovi\u00e1rios, 1760, Centro.<\/p>\n<p><em>(Fonte\/Imagem: Prefeitura de Jundia\u00ed)<\/em><\/p>\n","protected":false},"excerpt":{"rendered":"<p>N\u00e3o h\u00e1 necessidade de experi\u00eancia pr\u00e9via em dan\u00e7a, apenas disponibilidade corporal<\/p>\n","protected":false},"author":13,"featured_media":34446,"comment_status":"closed","ping_status":"closed","sticky":false,"template":"","format":"standard","meta":{"footnotes":""},"categories":[2834,2833,1],"tags":[1360,763,883,5691],"class_list":["post-34444","post","type-post","status-publish","format-standard","has-post-thumbnail","hentry","category-cidades","category-cultura","category-noticias","tag-complexo-fepasa","tag-danca","tag-oficina","tag-sala-jundiai"],"_links":{"self":[{"href":"https:\/\/tvtecjundiai.com.br\/news\/wp-json\/wp\/v2\/posts\/34444","targetHints":{"allow":["GET"]}}],"collection":[{"href":"https:\/\/tvtecjundiai.com.br\/news\/wp-json\/wp\/v2\/posts"}],"about":[{"href":"https:\/\/tvtecjundiai.com.br\/news\/wp-json\/wp\/v2\/types\/post"}],"author":[{"embeddable":true,"href":"https:\/\/tvtecjundiai.com.br\/news\/wp-json\/wp\/v2\/users\/13"}],"replies":[{"embeddable":true,"href":"https:\/\/tvtecjundiai.com.br\/news\/wp-json\/wp\/v2\/comments?post=34444"}],"version-history":[{"count":3,"href":"https:\/\/tvtecjundiai.com.br\/news\/wp-json\/wp\/v2\/posts\/34444\/revisions"}],"predecessor-version":[{"id":34452,"href":"https:\/\/tvtecjundiai.com.br\/news\/wp-json\/wp\/v2\/posts\/34444\/revisions\/34452"}],"wp:featuredmedia":[{"embeddable":true,"href":"https:\/\/tvtecjundiai.com.br\/news\/wp-json\/wp\/v2\/media\/34446"}],"wp:attachment":[{"href":"https:\/\/tvtecjundiai.com.br\/news\/wp-json\/wp\/v2\/media?parent=34444"}],"wp:term":[{"taxonomy":"category","embeddable":true,"href":"https:\/\/tvtecjundiai.com.br\/news\/wp-json\/wp\/v2\/categories?post=34444"},{"taxonomy":"post_tag","embeddable":true,"href":"https:\/\/tvtecjundiai.com.br\/news\/wp-json\/wp\/v2\/tags?post=34444"}],"curies":[{"name":"wp","href":"https:\/\/api.w.org\/{rel}","templated":true}]}}