{"id":3448,"date":"2017-11-29T17:31:26","date_gmt":"2017-11-29T19:31:26","guid":{"rendered":"https:\/\/tvtecjundiai.com.br\/news\/?p=3448"},"modified":"2017-11-29T17:31:26","modified_gmt":"2017-11-29T19:31:26","slug":"representante-da-nasa-no-brasil-visita-os-espacos-da-tvtec","status":"publish","type":"post","link":"https:\/\/tvtecjundiai.com.br\/news\/2017\/11\/29\/representante-da-nasa-no-brasil-visita-os-espacos-da-tvtec\/","title":{"rendered":"Representante da Nasa no Brasil visita os espa\u00e7os da TVTEC"},"content":{"rendered":"<p>Diretor da C\u00e2mara de Com\u00e9rcio Brasil Fl\u00f3rida e representante da Nasa no Brasil, Jefferson Michaelis esteve na tarde desta quarta-feira (29) na sede da TVTEC, no Complexo Argos, para conhecer os espa\u00e7os da institui\u00e7\u00e3o. Ele passou por salas de opera\u00e7\u00e3o t\u00e9cnica e tamb\u00e9m pelos est\u00fadios e gostou do que viu.<\/p>\n<div id=\"attachment_3449\" style=\"width: 369px\" class=\"wp-caption alignright\"><a href=\"https:\/\/tvtecjundiai.com.br\/news\/wp-content\/uploads\/sites\/2\/2017\/11\/IMG_4155.jpg\"><img loading=\"lazy\" decoding=\"async\" aria-describedby=\"caption-attachment-3449\" class=\"wp-image-3449\" src=\"https:\/\/tvtecjundiai.com.br\/news\/wp-content\/uploads\/sites\/2\/2017\/11\/IMG_4155-300x230.jpg\" alt=\"\" width=\"359\" height=\"275\" srcset=\"https:\/\/tvtecjundiai.com.br\/news\/wp-content\/uploads\/sites\/2\/2017\/11\/IMG_4155-300x230.jpg 300w, https:\/\/tvtecjundiai.com.br\/news\/wp-content\/uploads\/sites\/2\/2017\/11\/IMG_4155-768x589.jpg 768w, https:\/\/tvtecjundiai.com.br\/news\/wp-content\/uploads\/sites\/2\/2017\/11\/IMG_4155-1200x920.jpg 1200w, https:\/\/tvtecjundiai.com.br\/news\/wp-content\/uploads\/sites\/2\/2017\/11\/IMG_4155.jpg 1402w\" sizes=\"auto, (max-width: 359px) 100vw, 359px\" \/><\/a><p id=\"caption-attachment-3449\" class=\"wp-caption-text\">Jeff (ao centro) e demais visitantes conheceram os bastidores do programa do apresentador M\u00e1rcio Miguel (verde)<\/p><\/div>\n<p>\u201cO que mais chamou a aten\u00e7\u00e3o foi a sincronia entre o profissional e o estudante\u201d, declarou ele, chamado por todos de Jeff, enquanto conhecia a TVTEC. \u201cOs jovens t\u00eam grande sede de aprender, e por isso \u00e9 bom um espa\u00e7o assim, que se mostrou din\u00e2mico.\u201d<\/p>\n<p><strong>LEIA TAMB\u00c9M:<br \/>\n<a href=\"https:\/\/tvtecjundiai.com.br\/news\/2017\/11\/29\/cidades-aumenta-indice-de-veiculos-recuperados-por-reconhecimento-optico\/\" rel=\"noopener\" target=\"_blank\">Cidades: cresce \u00edndice de ve\u00edculos recuperados por leitura \u00f3ptica<\/a><\/strong><\/p>\n<p>Jeff esteve em Jundia\u00ed nesta quarta para uma palestra, no per\u00edodo da manh\u00e3, na Incubadora de Empresas, no bairro Engordadouro, onde palestrou para 40 pessoas, entre elas 18 incubados. O assunto da palestra foi educa\u00e7\u00e3o e empreendedorismo do futuro, com foco nas \u00e1reas de ci\u00eancia, tecnologia, engenharia e matem\u00e1tica.<\/p>\n<p>Na companhia de Jeff, estiveram tamb\u00e9m na TVTEC o gerente de projetos Jos\u00e9 Carlos Nascimento Filho, que tamb\u00e9m mant\u00e9m parceria com a Nasa, a diretora de Ci\u00eancia e Tecnologia da Prefeitura de Jundia\u00ed, Mariana Savedra, e a analista de marketing Mayara Marin.<\/p>\n","protected":false},"excerpt":{"rendered":"<p>O visitante destacou a import\u00e2ncia de um projeto que aposta na educa\u00e7\u00e3o<\/p>\n","protected":false},"author":6,"featured_media":3450,"comment_status":"closed","ping_status":"closed","sticky":false,"template":"","format":"standard","meta":{"footnotes":""},"categories":[29,1],"tags":[1685,1686,5,15,200],"class_list":["post-3448","post","type-post","status-publish","format-standard","has-post-thumbnail","hentry","category-destaque","category-noticias","tag-camara-de-comercio-brasil-florida-e-representante-da-nasa-no-brasil","tag-jefferson-michaelis","tag-jundiai","tag-tvtec","tag-visita"],"_links":{"self":[{"href":"https:\/\/tvtecjundiai.com.br\/news\/wp-json\/wp\/v2\/posts\/3448","targetHints":{"allow":["GET"]}}],"collection":[{"href":"https:\/\/tvtecjundiai.com.br\/news\/wp-json\/wp\/v2\/posts"}],"about":[{"href":"https:\/\/tvtecjundiai.com.br\/news\/wp-json\/wp\/v2\/types\/post"}],"author":[{"embeddable":true,"href":"https:\/\/tvtecjundiai.com.br\/news\/wp-json\/wp\/v2\/users\/6"}],"replies":[{"embeddable":true,"href":"https:\/\/tvtecjundiai.com.br\/news\/wp-json\/wp\/v2\/comments?post=3448"}],"version-history":[{"count":1,"href":"https:\/\/tvtecjundiai.com.br\/news\/wp-json\/wp\/v2\/posts\/3448\/revisions"}],"predecessor-version":[{"id":3451,"href":"https:\/\/tvtecjundiai.com.br\/news\/wp-json\/wp\/v2\/posts\/3448\/revisions\/3451"}],"wp:featuredmedia":[{"embeddable":true,"href":"https:\/\/tvtecjundiai.com.br\/news\/wp-json\/wp\/v2\/media\/3450"}],"wp:attachment":[{"href":"https:\/\/tvtecjundiai.com.br\/news\/wp-json\/wp\/v2\/media?parent=3448"}],"wp:term":[{"taxonomy":"category","embeddable":true,"href":"https:\/\/tvtecjundiai.com.br\/news\/wp-json\/wp\/v2\/categories?post=3448"},{"taxonomy":"post_tag","embeddable":true,"href":"https:\/\/tvtecjundiai.com.br\/news\/wp-json\/wp\/v2\/tags?post=3448"}],"curies":[{"name":"wp","href":"https:\/\/api.w.org\/{rel}","templated":true}]}}