{"id":347,"date":"2017-09-04T14:21:51","date_gmt":"2017-09-04T17:21:51","guid":{"rendered":"https:\/\/tvtecjundiai.com.br\/news\/?p=347"},"modified":"2017-09-04T14:21:51","modified_gmt":"2017-09-04T17:21:51","slug":"cidades-entidades-interessadas-em-participar-de-natal-solidario-devem-retirar-ficha-no-funss","status":"publish","type":"post","link":"https:\/\/tvtecjundiai.com.br\/news\/2017\/09\/04\/cidades-entidades-interessadas-em-participar-de-natal-solidario-devem-retirar-ficha-no-funss\/","title":{"rendered":"Cidades: entidades interessadas em participar de Natal Solid\u00e1rio devem retirar ficha no Funss"},"content":{"rendered":"<p>As entidades interessadas em participar da Campanha Natal Solid\u00e1rio, promovida pela Prefeitura de Jundia\u00ed, por meio do Fundo Social de Solidariedade (Funss), devem retirar a ficha cadastral entre os dias 04 e 13 de setembro. O documento ser\u00e1 entregue de segunda a sexta-feira, das 8h \u00e0s 17h, na sede do Funss, que fica Parque da Uva, com acesso pela avenida Dona Manoela Lacerda de Vergueiro, s\/n, port\u00e3o 03, bairro Anhangaba\u00fa.<\/p>\n<p><strong>LEIA TAMB\u00c9M:<br \/>\n<a href=\"https:\/\/tvtecjundiai.com.br\/news\/2017\/09\/03\/saude-vacinacao-antirrabica-entra-na-reta-final\/\" target=\"_blank\" rel=\"noopener\">Sa\u00fade: vacina\u00e7\u00e3o antirr\u00e1bica entra na reta final<\/a><\/strong><\/p>\n<p>Podem participar institui\u00e7\u00f5es com o cadastro atualizado no Fundo Social e que desenvolvam a\u00e7\u00f5es voltadas \u00e0s comunidades em vulnerabilidade social. A Campanha Natal Solid\u00e1rio vai beneficiar crian\u00e7as com idade entre zero e 12 anos, residentes em Jundia\u00ed. Para isso, as fichas devem ser devolvidas ao Fundo Social devidamente preenchidas at\u00e9 o dia 22 de setembro (sexta-feira).<\/p>\n<p>Informa\u00e7\u00f5es podem ser obtidas pelo telefone (11) 4521-2929.<\/p>\n","protected":false},"excerpt":{"rendered":"<p>O documento ser\u00e1 entregue de segunda a sexta-feira, das 8h \u00e0s 17h, na sede do Funss<\/p>\n","protected":false},"author":6,"featured_media":348,"comment_status":"closed","ping_status":"closed","sticky":false,"template":"","format":"standard","meta":{"footnotes":""},"categories":[1],"tags":[152,154,5,20,153],"class_list":["post-347","post","type-post","status-publish","format-standard","has-post-thumbnail","hentry","category-noticias","tag-fundo-social","tag-inscricoes","tag-jundiai","tag-luiz-fernando-machado","tag-natal-solidario"],"_links":{"self":[{"href":"https:\/\/tvtecjundiai.com.br\/news\/wp-json\/wp\/v2\/posts\/347","targetHints":{"allow":["GET"]}}],"collection":[{"href":"https:\/\/tvtecjundiai.com.br\/news\/wp-json\/wp\/v2\/posts"}],"about":[{"href":"https:\/\/tvtecjundiai.com.br\/news\/wp-json\/wp\/v2\/types\/post"}],"author":[{"embeddable":true,"href":"https:\/\/tvtecjundiai.com.br\/news\/wp-json\/wp\/v2\/users\/6"}],"replies":[{"embeddable":true,"href":"https:\/\/tvtecjundiai.com.br\/news\/wp-json\/wp\/v2\/comments?post=347"}],"version-history":[{"count":1,"href":"https:\/\/tvtecjundiai.com.br\/news\/wp-json\/wp\/v2\/posts\/347\/revisions"}],"predecessor-version":[{"id":349,"href":"https:\/\/tvtecjundiai.com.br\/news\/wp-json\/wp\/v2\/posts\/347\/revisions\/349"}],"wp:featuredmedia":[{"embeddable":true,"href":"https:\/\/tvtecjundiai.com.br\/news\/wp-json\/wp\/v2\/media\/348"}],"wp:attachment":[{"href":"https:\/\/tvtecjundiai.com.br\/news\/wp-json\/wp\/v2\/media?parent=347"}],"wp:term":[{"taxonomy":"category","embeddable":true,"href":"https:\/\/tvtecjundiai.com.br\/news\/wp-json\/wp\/v2\/categories?post=347"},{"taxonomy":"post_tag","embeddable":true,"href":"https:\/\/tvtecjundiai.com.br\/news\/wp-json\/wp\/v2\/tags?post=347"}],"curies":[{"name":"wp","href":"https:\/\/api.w.org\/{rel}","templated":true}]}}